{"id":12036,"date":"2016-05-20T16:27:37","date_gmt":"2016-05-20T14:27:37","guid":{"rendered":"http:\/\/www.conselharan.org\/es\/?p=12036"},"modified":"2016-05-20T16:27:45","modified_gmt":"2016-05-20T14:27:45","slug":"el-conselh-generau-daran-construye-una-pasarela-en-salient","status":"publish","type":"post","link":"https:\/\/www.conselharan.org\/es\/el-conselh-generau-daran-construye-una-pasarela-en-salient\/","title":{"rendered":"El Conselh Generau d\u2019Aran construye una pasarela en Salient"},"content":{"rendered":"<p><img loading=\"lazy\" decoding=\"async\" class=\"aligncenter size-full wp-image-12032\" src=\"http:\/\/www.conselharan.org\/wp-content\/uploads\/2016\/05\/2016-05-19-pas.-salient-1.jpg\" alt=\"2016 05 19 pas. salient (1)\" width=\"640\" height=\"384\" srcset=\"https:\/\/www.conselharan.org\/wp-content\/uploads\/2016\/05\/2016-05-19-pas.-salient-1.jpg 640w, https:\/\/www.conselharan.org\/wp-content\/uploads\/2016\/05\/2016-05-19-pas.-salient-1-300x180.jpg 300w\" sizes=\"(max-width: 640px) 100vw, 640px\" \/><\/p>\n<p>&nbsp;<\/p>\n<p>El Conselh Generau d\u2019Aran, a trav\u00e9s de la empresa Servicios Ambientales de la Val d\u2019Aran (<strong>SAVA S.L<\/strong>) ha construido una pasarela en Salient, en el t\u00e9rmino municipal de Vilac, para mejorar las condiciones de acceso peatonal que est\u00e1 dentro de la ruta 11 (roja) del Centro BTT.<\/p>\n<p><strong>Jordi Gavald\u00e0<\/strong>, t\u00e9cnico del Conselh Generau d\u2019Aran, ha manifestado <strong>\u201chasta ahora no se pod\u00eda cruzar el r\u00edo sin mojarse los pies y era muy peligroso en primavera. A partir de este a\u00f1o se ha hecho una peque\u00f1a modificaci\u00f3n en el itinerario y ya se puede pasar para esta pasarela de forma que la ruta ya vuelve a estar del todo operativa\u201d<\/strong>.<\/p>\n<p>El conselh\u00e8r de Agricultura, Ganader\u00eda y Medio Natural de Aran, <strong>Jose Enrique Arr\u00f3<\/strong>, ha a\u00f1adido <strong>\u201ccon la construcci\u00f3n de esta pasarela mejoramos la pista de Salient muy concurrida por los vecinos de Aran y por los visitantes que la utilizan como ruta para la pr\u00e1ctica de BTT y senderismo\u201d.<\/strong><\/p>\n<p>&nbsp;<\/p>\n<p>&nbsp;<\/p>\n<p>Vielha, 20 de mayo de 2016<\/p>\n<p>&nbsp;<\/p>\n<p><em>Conselh Generau d&#8217;Aran: N\u00faria Sanjuan<\/em><\/p>\n ","protected":false},"excerpt":{"rendered":"<p>&nbsp; El Conselh Generau d\u2019Aran, a trav\u00e9s de la empresa Servicios Ambientales de la Val d\u2019Aran (SAVA S.L) ha construido una pasarela en Salient, en el t\u00e9rmino municipal de Vilac, para mejorar las condiciones de acceso peatonal que est\u00e1 dentro de la ruta 11 (roja) del Centro BTT. Jordi Gavald\u00e0, t\u00e9cnico del Conselh Generau d\u2019Aran,&#8230;<\/p>\n","protected":false},"author":2,"featured_media":12032,"comment_status":"closed","ping_status":"closed","sticky":false,"template":"","format":"standard","meta":{"footnotes":""},"categories":[52],"tags":[],"_links":{"self":[{"href":"https:\/\/www.conselharan.org\/es\/wp-json\/wp\/v2\/posts\/12036"}],"collection":[{"href":"https:\/\/www.conselharan.org\/es\/wp-json\/wp\/v2\/posts"}],"about":[{"href":"https:\/\/www.conselharan.org\/es\/wp-json\/wp\/v2\/types\/post"}],"author":[{"embeddable":true,"href":"https:\/\/www.conselharan.org\/es\/wp-json\/wp\/v2\/users\/2"}],"replies":[{"embeddable":true,"href":"https:\/\/www.conselharan.org\/es\/wp-json\/wp\/v2\/comments?post=12036"}],"version-history":[{"count":1,"href":"https:\/\/www.conselharan.org\/es\/wp-json\/wp\/v2\/posts\/12036\/revisions"}],"predecessor-version":[{"id":12037,"href":"https:\/\/www.conselharan.org\/es\/wp-json\/wp\/v2\/posts\/12036\/revisions\/12037"}],"wp:featuredmedia":[{"embeddable":true,"href":"https:\/\/www.conselharan.org\/es\/wp-json\/wp\/v2\/media\/12032"}],"wp:attachment":[{"href":"https:\/\/www.conselharan.org\/es\/wp-json\/wp\/v2\/media?parent=12036"}],"wp:term":[{"taxonomy":"category","embeddable":true,"href":"https:\/\/www.conselharan.org\/es\/wp-json\/wp\/v2\/categories?post=12036"},{"taxonomy":"post_tag","embeddable":true,"href":"https:\/\/www.conselharan.org\/es\/wp-json\/wp\/v2\/tags?post=12036"}],"curies":[{"name":"wp","href":"https:\/\/api.w.org\/{rel}","templated":true}]}}