{"id":12113,"date":"2016-05-25T18:56:57","date_gmt":"2016-05-25T16:56:57","guid":{"rendered":"http:\/\/www.conselharan.org\/es\/?p=12113"},"modified":"2016-05-26T18:57:33","modified_gmt":"2016-05-26T16:57:33","slug":"presentacion-de-escalaran-nuevo-club-de-deportes-de-montana-del-valle-de-aran","status":"publish","type":"post","link":"https:\/\/www.conselharan.org\/es\/presentacion-de-escalaran-nuevo-club-de-deportes-de-montana-del-valle-de-aran\/","title":{"rendered":"Presentaci\u00f3n de ESCALARAN nuevo Club de Deportes de Monta\u00f1a del Valle de Aran"},"content":{"rendered":"<p>Vielha, 25 de mayo de 2016.- Hoy se ha presentado en el <strong>Conselh Generau d\u2019Aran<\/strong> el nuevo Club de Monta\u00f1a <strong>ESCALARAN<\/strong>. La presentaci\u00f3n ha ido a cargo del vicesindic d\u2019Aran y consejero de Deportes y Juventud, <strong>Lu\u00eds Carlos Medina<\/strong>, acompa\u00f1ado de dos de los fundadores del club, Marta Bautista y Andr\u00e9s Vegue.<\/p>\n<p>El club, nace con la voluntad de fomentar las buenas pr\u00e1cticas de los deportes tradicionales de monta\u00f1a, como la escalada, el senderismo, el alpinismo y la orientaci\u00f3n, a trav\u00e9s de diferentes actividades educativas y formativas. ESCALARAN, tiene como objetivo el fomento de todo tipo de actividades socioculturales en torno a las caracter\u00edsticas geogr\u00e1ficas, ambientales y culturales de la Val d&#8217;Aran.<\/p>\n<p>El vicesindic d\u2019Aran, <strong>Lu\u00eds Carlos Medina<\/strong>, traslad\u00f3 a los impulsores de la iniciativa el apoyo del Gov\u00e8rn de Aran, felicit\u00e1ndoles ya que dijo, <strong>\u00aba veces en el Valle de Aran, tenemos las monta\u00f1as tan cerca que no las vemos, y con el apoyo a iniciativas como \u00e9sta, ayudamos a poner en valor el rico patrimonio natural de la Val d&#8217;Aran \u00ab.<\/strong><\/p>\n<p>Los fundadores del club ESCALARAN, son <strong>Marta Bautista<\/strong>, Licenciada en Psicopedagog\u00eda y monitora en tiempo libre; <strong>Andr\u00e9s Vegue<\/strong>, T\u00e9cnico Superior de deportes de invierno y T\u00e9cnico deportivo de Escalada; y <strong>Ricardo Elviro<\/strong>, Licenciado en Ciencias de la Actividad F\u00edsica y el Deporte.<\/p>\n<p>ESCALARAN, ofrecer\u00e1 tambi\u00e9n actividades relacionadas con la escuela de escalada para ni\u00f1os y ni\u00f1as de entre 6 y 14 a\u00f1os y tambi\u00e9n para adultos, actividades de fin de semana y campamento de verano.<\/p>\n<p><a href=\"http:\/\/www.conselharan.org\/wp-content\/uploads\/2016\/05\/10308062_1054334551317746_3640529597922873725_n.jpg\"><img loading=\"lazy\" decoding=\"async\" class=\"aligncenter size-full wp-image-12108\" src=\"http:\/\/www.conselharan.org\/wp-content\/uploads\/2016\/05\/10308062_1054334551317746_3640529597922873725_n.jpg\" alt=\"10308062_1054334551317746_3640529597922873725_n\" width=\"960\" height=\"720\" srcset=\"https:\/\/www.conselharan.org\/wp-content\/uploads\/2016\/05\/10308062_1054334551317746_3640529597922873725_n.jpg 960w, https:\/\/www.conselharan.org\/wp-content\/uploads\/2016\/05\/10308062_1054334551317746_3640529597922873725_n-300x225.jpg 300w, https:\/\/www.conselharan.org\/wp-content\/uploads\/2016\/05\/10308062_1054334551317746_3640529597922873725_n-768x576.jpg 768w\" sizes=\"(max-width: 960px) 100vw, 960px\" \/><\/a> <a href=\"http:\/\/www.conselharan.org\/wp-content\/uploads\/2016\/05\/13239323_1054334557984412_8008551015106182642_n.jpg\"><img loading=\"lazy\" decoding=\"async\" class=\"aligncenter size-full wp-image-12109\" src=\"http:\/\/www.conselharan.org\/wp-content\/uploads\/2016\/05\/13239323_1054334557984412_8008551015106182642_n.jpg\" alt=\"13239323_1054334557984412_8008551015106182642_n\" width=\"960\" height=\"672\" srcset=\"https:\/\/www.conselharan.org\/wp-content\/uploads\/2016\/05\/13239323_1054334557984412_8008551015106182642_n.jpg 960w, https:\/\/www.conselharan.org\/wp-content\/uploads\/2016\/05\/13239323_1054334557984412_8008551015106182642_n-300x210.jpg 300w, https:\/\/www.conselharan.org\/wp-content\/uploads\/2016\/05\/13239323_1054334557984412_8008551015106182642_n-768x538.jpg 768w\" sizes=\"(max-width: 960px) 100vw, 960px\" \/><\/a><\/p>\n ","protected":false},"excerpt":{"rendered":"<p>Vielha, 25 de mayo de 2016.- Hoy se ha presentado en el Conselh Generau d\u2019Aran el nuevo Club de Monta\u00f1a ESCALARAN. La presentaci\u00f3n ha ido a cargo del vicesindic d\u2019Aran y consejero de Deportes y Juventud, Lu\u00eds Carlos Medina, acompa\u00f1ado de dos de los fundadores del club, Marta Bautista y Andr\u00e9s Vegue. El club, nace&#8230;<\/p>\n","protected":false},"author":2,"featured_media":12108,"comment_status":"closed","ping_status":"closed","sticky":false,"template":"","format":"standard","meta":{"footnotes":""},"categories":[34],"tags":[],"_links":{"self":[{"href":"https:\/\/www.conselharan.org\/es\/wp-json\/wp\/v2\/posts\/12113"}],"collection":[{"href":"https:\/\/www.conselharan.org\/es\/wp-json\/wp\/v2\/posts"}],"about":[{"href":"https:\/\/www.conselharan.org\/es\/wp-json\/wp\/v2\/types\/post"}],"author":[{"embeddable":true,"href":"https:\/\/www.conselharan.org\/es\/wp-json\/wp\/v2\/users\/2"}],"replies":[{"embeddable":true,"href":"https:\/\/www.conselharan.org\/es\/wp-json\/wp\/v2\/comments?post=12113"}],"version-history":[{"count":1,"href":"https:\/\/www.conselharan.org\/es\/wp-json\/wp\/v2\/posts\/12113\/revisions"}],"predecessor-version":[{"id":12114,"href":"https:\/\/www.conselharan.org\/es\/wp-json\/wp\/v2\/posts\/12113\/revisions\/12114"}],"wp:featuredmedia":[{"embeddable":true,"href":"https:\/\/www.conselharan.org\/es\/wp-json\/wp\/v2\/media\/12108"}],"wp:attachment":[{"href":"https:\/\/www.conselharan.org\/es\/wp-json\/wp\/v2\/media?parent=12113"}],"wp:term":[{"taxonomy":"category","embeddable":true,"href":"https:\/\/www.conselharan.org\/es\/wp-json\/wp\/v2\/categories?post=12113"},{"taxonomy":"post_tag","embeddable":true,"href":"https:\/\/www.conselharan.org\/es\/wp-json\/wp\/v2\/tags?post=12113"}],"curies":[{"name":"wp","href":"https:\/\/api.w.org\/{rel}","templated":true}]}}