{"id":12316,"date":"2016-06-07T17:53:44","date_gmt":"2016-06-07T15:53:44","guid":{"rendered":"http:\/\/www.conselharan.org\/es\/?p=12316"},"modified":"2016-06-07T17:53:44","modified_gmt":"2016-06-07T15:53:44","slug":"el-conselh-generau-daran-mejora-las-instalaciones-de-adda","status":"publish","type":"post","link":"https:\/\/www.conselharan.org\/es\/el-conselh-generau-daran-mejora-las-instalaciones-de-adda\/","title":{"rendered":"El Conselh Generau d\u2019Aran mejora las instalaciones de ADDA"},"content":{"rendered":"<p>Vielha, 7 de junio de 2016.- El <strong>Conselh Generau d\u2019Aran<\/strong>, a trav\u00e9s de la empresa Servicios Ambientales de la Val d&#8217;Aran (SAVA, SL) ha realizado una serie de mejoras en las instalaciones de <strong>ADDA<\/strong> (Asociaci\u00f3n de Discapacitados de la Val d&#8217;Aran), a fin de facilitar las actividades relacionadas con el Taller Ocupacional de dicha asociaci\u00f3n.<\/p>\n<p>Las mejoras han consistido en, renovar la mesa de trabajo del taller principal, as\u00ed como las dos mesas de trabajo del segundo taller, la instalaci\u00f3n de una puerta de acceso a la segunda planta, y la instalaci\u00f3n de un parag\u00fcero. Durante las acciones de mejora, tambi\u00e9n se ha aprovechado para repintar los suelos de los talleres de trabajo.<\/p>\n<p><a href=\"http:\/\/www.conselharan.org\/wp-content\/uploads\/2016\/06\/IMG_3990.jpg\"><img loading=\"lazy\" decoding=\"async\" class=\"aligncenter size-large wp-image-12308\" src=\"http:\/\/www.conselharan.org\/wp-content\/uploads\/2016\/06\/IMG_3990-1024x768.jpg\" alt=\"IMG_3990\" width=\"1024\" height=\"768\" srcset=\"https:\/\/www.conselharan.org\/wp-content\/uploads\/2016\/06\/IMG_3990-1024x768.jpg 1024w, https:\/\/www.conselharan.org\/wp-content\/uploads\/2016\/06\/IMG_3990-300x225.jpg 300w, https:\/\/www.conselharan.org\/wp-content\/uploads\/2016\/06\/IMG_3990-768x576.jpg 768w\" sizes=\"(max-width: 1024px) 100vw, 1024px\" \/><\/a> <a href=\"http:\/\/www.conselharan.org\/wp-content\/uploads\/2016\/06\/IMG_3994.jpg\"><img loading=\"lazy\" decoding=\"async\" class=\"aligncenter size-large wp-image-12309\" src=\"http:\/\/www.conselharan.org\/wp-content\/uploads\/2016\/06\/IMG_3994-1024x768.jpg\" alt=\"IMG_3994\" width=\"1024\" height=\"768\" srcset=\"https:\/\/www.conselharan.org\/wp-content\/uploads\/2016\/06\/IMG_3994-1024x768.jpg 1024w, https:\/\/www.conselharan.org\/wp-content\/uploads\/2016\/06\/IMG_3994-300x225.jpg 300w, https:\/\/www.conselharan.org\/wp-content\/uploads\/2016\/06\/IMG_3994-768x576.jpg 768w\" sizes=\"(max-width: 1024px) 100vw, 1024px\" \/><\/a> <a href=\"http:\/\/www.conselharan.org\/wp-content\/uploads\/2016\/06\/IMG_3998.jpg\"><img loading=\"lazy\" decoding=\"async\" class=\"aligncenter size-large wp-image-12310\" src=\"http:\/\/www.conselharan.org\/wp-content\/uploads\/2016\/06\/IMG_3998-1024x768.jpg\" alt=\"IMG_3998\" width=\"1024\" height=\"768\" srcset=\"https:\/\/www.conselharan.org\/wp-content\/uploads\/2016\/06\/IMG_3998-1024x768.jpg 1024w, https:\/\/www.conselharan.org\/wp-content\/uploads\/2016\/06\/IMG_3998-300x225.jpg 300w, https:\/\/www.conselharan.org\/wp-content\/uploads\/2016\/06\/IMG_3998-768x576.jpg 768w\" sizes=\"(max-width: 1024px) 100vw, 1024px\" \/><\/a> <a href=\"http:\/\/www.conselharan.org\/wp-content\/uploads\/2016\/06\/IMG_4136.jpg\"><img loading=\"lazy\" decoding=\"async\" class=\"aligncenter size-large wp-image-12311\" src=\"http:\/\/www.conselharan.org\/wp-content\/uploads\/2016\/06\/IMG_4136-768x1024.jpg\" alt=\"IMG_4136\" width=\"768\" height=\"1024\" srcset=\"https:\/\/www.conselharan.org\/wp-content\/uploads\/2016\/06\/IMG_4136-768x1024.jpg 768w, https:\/\/www.conselharan.org\/wp-content\/uploads\/2016\/06\/IMG_4136-225x300.jpg 225w\" sizes=\"(max-width: 768px) 100vw, 768px\" \/><\/a> <a href=\"http:\/\/www.conselharan.org\/wp-content\/uploads\/2016\/06\/IMG_4000.jpg\"><img loading=\"lazy\" decoding=\"async\" class=\"aligncenter size-large wp-image-12312\" src=\"http:\/\/www.conselharan.org\/wp-content\/uploads\/2016\/06\/IMG_4000-1024x768.jpg\" alt=\"IMG_4000\" width=\"1024\" height=\"768\" srcset=\"https:\/\/www.conselharan.org\/wp-content\/uploads\/2016\/06\/IMG_4000-1024x768.jpg 1024w, https:\/\/www.conselharan.org\/wp-content\/uploads\/2016\/06\/IMG_4000-300x225.jpg 300w, https:\/\/www.conselharan.org\/wp-content\/uploads\/2016\/06\/IMG_4000-768x576.jpg 768w\" sizes=\"(max-width: 1024px) 100vw, 1024px\" \/><\/a><\/p>\n ","protected":false},"excerpt":{"rendered":"<p>Vielha, 7 de junio de 2016.- El Conselh Generau d\u2019Aran, a trav\u00e9s de la empresa Servicios Ambientales de la Val d&#8217;Aran (SAVA, SL) ha realizado una serie de mejoras en las instalaciones de ADDA (Asociaci\u00f3n de Discapacitados de la Val d&#8217;Aran), a fin de facilitar las actividades relacionadas con el Taller Ocupacional de dicha asociaci\u00f3n&#8230;.<\/p>\n","protected":false},"author":2,"featured_media":12308,"comment_status":"closed","ping_status":"closed","sticky":false,"template":"","format":"standard","meta":{"footnotes":""},"categories":[34],"tags":[],"_links":{"self":[{"href":"https:\/\/www.conselharan.org\/es\/wp-json\/wp\/v2\/posts\/12316"}],"collection":[{"href":"https:\/\/www.conselharan.org\/es\/wp-json\/wp\/v2\/posts"}],"about":[{"href":"https:\/\/www.conselharan.org\/es\/wp-json\/wp\/v2\/types\/post"}],"author":[{"embeddable":true,"href":"https:\/\/www.conselharan.org\/es\/wp-json\/wp\/v2\/users\/2"}],"replies":[{"embeddable":true,"href":"https:\/\/www.conselharan.org\/es\/wp-json\/wp\/v2\/comments?post=12316"}],"version-history":[{"count":1,"href":"https:\/\/www.conselharan.org\/es\/wp-json\/wp\/v2\/posts\/12316\/revisions"}],"predecessor-version":[{"id":12317,"href":"https:\/\/www.conselharan.org\/es\/wp-json\/wp\/v2\/posts\/12316\/revisions\/12317"}],"wp:featuredmedia":[{"embeddable":true,"href":"https:\/\/www.conselharan.org\/es\/wp-json\/wp\/v2\/media\/12308"}],"wp:attachment":[{"href":"https:\/\/www.conselharan.org\/es\/wp-json\/wp\/v2\/media?parent=12316"}],"wp:term":[{"taxonomy":"category","embeddable":true,"href":"https:\/\/www.conselharan.org\/es\/wp-json\/wp\/v2\/categories?post=12316"},{"taxonomy":"post_tag","embeddable":true,"href":"https:\/\/www.conselharan.org\/es\/wp-json\/wp\/v2\/tags?post=12316"}],"curies":[{"name":"wp","href":"https:\/\/api.w.org\/{rel}","templated":true}]}}