{"id":12424,"date":"2016-06-14T14:59:04","date_gmt":"2016-06-14T12:59:04","guid":{"rendered":"http:\/\/www.conselharan.org\/es\/?p=12424"},"modified":"2016-06-14T14:59:40","modified_gmt":"2016-06-14T12:59:40","slug":"la-val-daran-se-prepara-para-recibir-la-salida-de-la-novena-etapa-del-tour-de-france","status":"publish","type":"post","link":"https:\/\/www.conselharan.org\/es\/la-val-daran-se-prepara-para-recibir-la-salida-de-la-novena-etapa-del-tour-de-france\/","title":{"rendered":"La Val d\u2019Aran se prepara para recibir la salida de la novena etapa del Tour de France"},"content":{"rendered":"<p>\u2022 <strong>El 10 de julio la Val d\u2019Aran acoger\u00e1 la salida de la novena etapa del Tour de France 2016 (Vielha- Arcal\u00eds).<\/strong><\/p>\n<p><img loading=\"lazy\" decoding=\"async\" class=\"aligncenter size-large wp-image-12420\" src=\"http:\/\/www.conselharan.org\/wp-content\/uploads\/2016\/06\/DSC_0391-1024x506.jpg\" alt=\"DSC_0391\" width=\"1024\" height=\"506\" srcset=\"https:\/\/www.conselharan.org\/wp-content\/uploads\/2016\/06\/DSC_0391-1024x506.jpg 1024w, https:\/\/www.conselharan.org\/wp-content\/uploads\/2016\/06\/DSC_0391-300x148.jpg 300w, https:\/\/www.conselharan.org\/wp-content\/uploads\/2016\/06\/DSC_0391-768x379.jpg 768w\" sizes=\"(max-width: 1024px) 100vw, 1024px\" \/><\/p>\n<p>&nbsp;<\/p>\n<p>La sede del Conselh Generau d\u2019Aran ha acogido esta ma\u00f1ana una reuni\u00f3n de seguridad y coordinaci\u00f3n en la salida de la novena etapa del Tour de France del 10 de julio con salida de Vielha y llegada a Arcal\u00eds (Andorra) con 184.5 Km y 5 puertos de monta\u00f1a.<\/p>\n<p>La reuni\u00f3n ha estado presidida por el conselh\u00e8r de Territorio de Aran, <strong>Jose Antonio Boya<\/strong>, y por el alcalde de Vielha e Mijaran, <strong>Juan Antonio Serrano<\/strong>, con la presencia del director de los Servicios Territoriales de Interior en el Alto Pirineo y Aran, <strong>Josep Palau<\/strong>, adem\u00e1s de representantes de los Pompi\u00e8rs d\u2019Aran, de los Mossos d\u2019Esquadra, t\u00e9cnicos de Protecci\u00f3n Civil y del SEM.<\/p>\n<p>El conselh\u00e8r de Territorio de Aran, <strong>Jose Antonio Boya,<\/strong> ha manifestado <strong>\u201cen la reuni\u00f3n de hoy se han concretado todos los aspectos de viabilidad y seguridad para la salida del Tour de France el 10 de julio, tenemos que garantizar la m\u00e1xima eficiencia y seguridad en este acontecimiento tan importante\u201d.<\/strong><\/p>\n<p>&nbsp;<\/p>\n<p>&nbsp;<\/p>\n<p>Vielha, 14 de junio de 2016<\/p>\n<p>&nbsp;<\/p>\n<p><em>Conselh Generau d&#8217;Aran: N\u00faria Sanjuan<\/em><\/p>\n ","protected":false},"excerpt":{"rendered":"<p>\u2022 El 10 de julio la Val d\u2019Aran acoger\u00e1 la salida de la novena etapa del Tour de France 2016 (Vielha- Arcal\u00eds). &nbsp; La sede del Conselh Generau d\u2019Aran ha acogido esta ma\u00f1ana una reuni\u00f3n de seguridad y coordinaci\u00f3n en la salida de la novena etapa del Tour de France del 10 de julio con&#8230;<\/p>\n","protected":false},"author":2,"featured_media":12420,"comment_status":"closed","ping_status":"closed","sticky":false,"template":"","format":"standard","meta":{"footnotes":""},"categories":[34],"tags":[],"_links":{"self":[{"href":"https:\/\/www.conselharan.org\/es\/wp-json\/wp\/v2\/posts\/12424"}],"collection":[{"href":"https:\/\/www.conselharan.org\/es\/wp-json\/wp\/v2\/posts"}],"about":[{"href":"https:\/\/www.conselharan.org\/es\/wp-json\/wp\/v2\/types\/post"}],"author":[{"embeddable":true,"href":"https:\/\/www.conselharan.org\/es\/wp-json\/wp\/v2\/users\/2"}],"replies":[{"embeddable":true,"href":"https:\/\/www.conselharan.org\/es\/wp-json\/wp\/v2\/comments?post=12424"}],"version-history":[{"count":1,"href":"https:\/\/www.conselharan.org\/es\/wp-json\/wp\/v2\/posts\/12424\/revisions"}],"predecessor-version":[{"id":12425,"href":"https:\/\/www.conselharan.org\/es\/wp-json\/wp\/v2\/posts\/12424\/revisions\/12425"}],"wp:featuredmedia":[{"embeddable":true,"href":"https:\/\/www.conselharan.org\/es\/wp-json\/wp\/v2\/media\/12420"}],"wp:attachment":[{"href":"https:\/\/www.conselharan.org\/es\/wp-json\/wp\/v2\/media?parent=12424"}],"wp:term":[{"taxonomy":"category","embeddable":true,"href":"https:\/\/www.conselharan.org\/es\/wp-json\/wp\/v2\/categories?post=12424"},{"taxonomy":"post_tag","embeddable":true,"href":"https:\/\/www.conselharan.org\/es\/wp-json\/wp\/v2\/tags?post=12424"}],"curies":[{"name":"wp","href":"https:\/\/api.w.org\/{rel}","templated":true}]}}