{"id":12534,"date":"2016-06-16T16:10:26","date_gmt":"2016-06-16T14:10:26","guid":{"rendered":"http:\/\/www.conselharan.org\/es\/?p=12534"},"modified":"2016-06-16T16:10:26","modified_gmt":"2016-06-16T14:10:26","slug":"el-sindic-de-aran-en-lentrevista-del-diumenge-del-324","status":"publish","type":"post","link":"https:\/\/www.conselharan.org\/es\/el-sindic-de-aran-en-lentrevista-del-diumenge-del-324\/","title":{"rendered":"El sindic de Aran en \u00abL&#8217;entrevista del diumenge\u00bb del 3\/24"},"content":{"rendered":"<ul>\n<li><strong>Este domingo, 19 de junio, a partir de las 11h00, en el canal 3\/24, Ramon Pellicer, entrevistar\u00e1 en directo al sindic de Aran, Carlos Barrera, en \u00abL&#8217;entrevista del diumenge\u00bb.<\/strong><\/li>\n<\/ul>\n<p>&nbsp;<\/p>\n<p><img loading=\"lazy\" decoding=\"async\" class=\"aligncenter size-full wp-image-12530\" src=\"http:\/\/www.conselharan.org\/wp-content\/uploads\/2016\/06\/entrevista-diumenge.jpg\" alt=\"entrevista diumenge\" width=\"670\" height=\"378\" srcset=\"https:\/\/www.conselharan.org\/wp-content\/uploads\/2016\/06\/entrevista-diumenge.jpg 670w, https:\/\/www.conselharan.org\/wp-content\/uploads\/2016\/06\/entrevista-diumenge-300x169.jpg 300w\" sizes=\"(max-width: 670px) 100vw, 670px\" \/><\/p>\n<p>&nbsp;<\/p>\n<p>Uno de los objetivos del 3\/24, adem\u00e1s de ofrecer la informaci\u00f3n al instante, es profundizar en los hechos y en lo que pasa. <strong>\u00abL&#8217;entrevista del diumenge\u00bb<\/strong> es una conversaci\u00f3n de una media hora de duraci\u00f3n, en directo, con un l\u00edder de opini\u00f3n del \u00e1mbito social, pol\u00edtico, econ\u00f3mico o cultural, sobre los principales asuntos de la actualidad. Un espacio para ir m\u00e1s all\u00e1 del titular.<\/p>\n<p>\u00abL&#8217;entrevista del diumenge\u00bb, conducida por <strong>Ramon Pellicer<\/strong>, permitir\u00e1 entre otros temas, valorar estos 25 a\u00f1os de la restituci\u00f3n del Conselh Generau d&#8217;Aran con el sindic de Aran, <strong>Carlos Barrera<\/strong>.<\/p>\n<p>&nbsp;<\/p>\n<p>&nbsp;<\/p>\n<p>&nbsp;<\/p>\n<p>Vielha, 16 de junio de 2016<\/p>\n<p>&nbsp;<\/p>\n<p><em>Conselh Generau d&#8217;Aran: N\u00faria Sanjuan\u00a0<\/em><\/p>\n ","protected":false},"excerpt":{"rendered":"<p>Este domingo, 19 de junio, a partir de las 11h00, en el canal 3\/24, Ramon Pellicer, entrevistar\u00e1 en directo al sindic de Aran, Carlos Barrera, en \u00abL&#8217;entrevista del diumenge\u00bb. &nbsp; &nbsp; Uno de los objetivos del 3\/24, adem\u00e1s de ofrecer la informaci\u00f3n al instante, es profundizar en los hechos y en lo que pasa. \u00abL&#8217;entrevista&#8230;<\/p>\n","protected":false},"author":2,"featured_media":12530,"comment_status":"closed","ping_status":"closed","sticky":false,"template":"","format":"standard","meta":{"footnotes":""},"categories":[52],"tags":[],"_links":{"self":[{"href":"https:\/\/www.conselharan.org\/es\/wp-json\/wp\/v2\/posts\/12534"}],"collection":[{"href":"https:\/\/www.conselharan.org\/es\/wp-json\/wp\/v2\/posts"}],"about":[{"href":"https:\/\/www.conselharan.org\/es\/wp-json\/wp\/v2\/types\/post"}],"author":[{"embeddable":true,"href":"https:\/\/www.conselharan.org\/es\/wp-json\/wp\/v2\/users\/2"}],"replies":[{"embeddable":true,"href":"https:\/\/www.conselharan.org\/es\/wp-json\/wp\/v2\/comments?post=12534"}],"version-history":[{"count":1,"href":"https:\/\/www.conselharan.org\/es\/wp-json\/wp\/v2\/posts\/12534\/revisions"}],"predecessor-version":[{"id":12535,"href":"https:\/\/www.conselharan.org\/es\/wp-json\/wp\/v2\/posts\/12534\/revisions\/12535"}],"wp:featuredmedia":[{"embeddable":true,"href":"https:\/\/www.conselharan.org\/es\/wp-json\/wp\/v2\/media\/12530"}],"wp:attachment":[{"href":"https:\/\/www.conselharan.org\/es\/wp-json\/wp\/v2\/media?parent=12534"}],"wp:term":[{"taxonomy":"category","embeddable":true,"href":"https:\/\/www.conselharan.org\/es\/wp-json\/wp\/v2\/categories?post=12534"},{"taxonomy":"post_tag","embeddable":true,"href":"https:\/\/www.conselharan.org\/es\/wp-json\/wp\/v2\/tags?post=12534"}],"curies":[{"name":"wp","href":"https:\/\/api.w.org\/{rel}","templated":true}]}}