{"id":12544,"date":"2016-06-17T16:42:35","date_gmt":"2016-06-17T14:42:35","guid":{"rendered":"http:\/\/www.conselharan.org\/es\/?p=12544"},"modified":"2016-06-17T16:42:35","modified_gmt":"2016-06-17T14:42:35","slug":"el-conselh-generau-daran-reformara-y-ampliara-el-refugio-de-la-artiga-de-lin","status":"publish","type":"post","link":"https:\/\/www.conselharan.org\/es\/el-conselh-generau-daran-reformara-y-ampliara-el-refugio-de-la-artiga-de-lin\/","title":{"rendered":"El Conselh Generau d\u2019Aran reformar\u00e1 y ampliar\u00e1 el refugio de la Artiga de Lin"},"content":{"rendered":"<p>Vielha, 17 de junio de 2016.- El <strong>Conselh Generau d\u2019Aran<\/strong> ha hecho p\u00fablica la licitaci\u00f3n del proyecto de reforma y ampliaci\u00f3n del refugio de la Artiga de Lin.<\/p>\n<p><strong>El<\/strong> <strong>Gov\u00e8rn d\u2019Aran destinar\u00e1 a la reforma un presupuesto de 262.000 euros<\/strong>, y est\u00e1 previsto que las obras se realicen este verano. Esta reforma y ampliaci\u00f3n del refugio, permitir\u00e1 reconvertir este equipamiento que forma parte de la red de refugios que posee y gestiona el Conselh Generau d\u2019Aran, mejorando su accesibilidad y funcionalidad que permita en su caso su explotaci\u00f3n en r\u00e9gimen de concesi\u00f3n y su rentabilidad. Con la ampliaci\u00f3n el refugio pasar\u00e1 a tener capacidad para 25 personas.<\/p>\n<p><a href=\"http:\/\/www.conselharan.org\/wp-content\/uploads\/2016\/06\/ArtigaLin160605-018.jpg\"><img loading=\"lazy\" decoding=\"async\" class=\"aligncenter size-full wp-image-12540\" src=\"http:\/\/www.conselharan.org\/wp-content\/uploads\/2016\/06\/ArtigaLin160605-018.jpg\" alt=\"ArtigaLin160605 018\" width=\"600\" height=\"450\" srcset=\"https:\/\/www.conselharan.org\/wp-content\/uploads\/2016\/06\/ArtigaLin160605-018.jpg 600w, https:\/\/www.conselharan.org\/wp-content\/uploads\/2016\/06\/ArtigaLin160605-018-300x225.jpg 300w\" sizes=\"(max-width: 600px) 100vw, 600px\" \/><\/a><\/p>\n<p>&nbsp;<\/p>\n<p>Una de las mejoras destacables de esta actuaci\u00f3n de reforma, es que la cubierta incorporar\u00e1 sistemas de captaci\u00f3n de energ\u00eda solar fotovoltaica.<\/p>\n<p>La reforma y ampliaci\u00f3n del refugio de la Artiga de Lin, est\u00e1 relacionada con el proyecto de potenciaci\u00f3n de este lugar \u00fanico en el Valle de Ar\u00e1n y para potenciar a la vez la ruta aranesa del Aneto, en la que el Gov\u00e8rn d\u2019Aran ya ha hecho otras actuaciones, como es la instalaci\u00f3n el a\u00f1o pasado de un cable de acero por la parte de Coll de Toro, mejorando los caminos tradicionales del paso hacia Benasque, como son el mismo camino de Coll de Toro y el del Puerto de la Picada.<\/p>\n<p>Otra de las acciones que se desarrollar\u00e1 este verano ser\u00e1 el plan piloto sobre la regulaci\u00f3n de la circulaci\u00f3n con veh\u00edculos en la Artiga de Lin. Por este motivo desde el 22 de julio y hasta el 11 de septiembre, el acceso por los Uelhs deth Joeu y por la Artiga de Lin, ser\u00e1 con un servicio de transporte que habilitar\u00e1 el Conselh Generau d\u2019Aran y que ir\u00e1 desde el aparcamiento de la Ermita hasta el Pla de la Artiga de Lin, o bien con los veh\u00edculos autorizados. El objetivo de esta medida es que los clientes que visitan este espacio tan emblem\u00e1tico de la Val d\u2019Aran puedan disfrutarlo en su totalidad. Tambi\u00e9n se situar\u00e1 un punto de informaci\u00f3n en esta misma zona.<\/p>\n<p>Foto: Lleidatur.com<\/p>\n<p>&nbsp;<\/p>\n ","protected":false},"excerpt":{"rendered":"<p>Vielha, 17 de junio de 2016.- El Conselh Generau d\u2019Aran ha hecho p\u00fablica la licitaci\u00f3n del proyecto de reforma y ampliaci\u00f3n del refugio de la Artiga de Lin. El Gov\u00e8rn d\u2019Aran destinar\u00e1 a la reforma un presupuesto de 262.000 euros, y est\u00e1 previsto que las obras se realicen este verano. Esta reforma y ampliaci\u00f3n del&#8230;<\/p>\n","protected":false},"author":2,"featured_media":12540,"comment_status":"closed","ping_status":"closed","sticky":false,"template":"","format":"standard","meta":{"footnotes":""},"categories":[52],"tags":[],"_links":{"self":[{"href":"https:\/\/www.conselharan.org\/es\/wp-json\/wp\/v2\/posts\/12544"}],"collection":[{"href":"https:\/\/www.conselharan.org\/es\/wp-json\/wp\/v2\/posts"}],"about":[{"href":"https:\/\/www.conselharan.org\/es\/wp-json\/wp\/v2\/types\/post"}],"author":[{"embeddable":true,"href":"https:\/\/www.conselharan.org\/es\/wp-json\/wp\/v2\/users\/2"}],"replies":[{"embeddable":true,"href":"https:\/\/www.conselharan.org\/es\/wp-json\/wp\/v2\/comments?post=12544"}],"version-history":[{"count":1,"href":"https:\/\/www.conselharan.org\/es\/wp-json\/wp\/v2\/posts\/12544\/revisions"}],"predecessor-version":[{"id":12545,"href":"https:\/\/www.conselharan.org\/es\/wp-json\/wp\/v2\/posts\/12544\/revisions\/12545"}],"wp:featuredmedia":[{"embeddable":true,"href":"https:\/\/www.conselharan.org\/es\/wp-json\/wp\/v2\/media\/12540"}],"wp:attachment":[{"href":"https:\/\/www.conselharan.org\/es\/wp-json\/wp\/v2\/media?parent=12544"}],"wp:term":[{"taxonomy":"category","embeddable":true,"href":"https:\/\/www.conselharan.org\/es\/wp-json\/wp\/v2\/categories?post=12544"},{"taxonomy":"post_tag","embeddable":true,"href":"https:\/\/www.conselharan.org\/es\/wp-json\/wp\/v2\/tags?post=12544"}],"curies":[{"name":"wp","href":"https:\/\/api.w.org\/{rel}","templated":true}]}}