{"id":12566,"date":"2016-06-17T18:36:29","date_gmt":"2016-06-17T16:36:29","guid":{"rendered":"http:\/\/www.conselharan.org\/es\/?p=12566"},"modified":"2016-06-17T18:48:14","modified_gmt":"2016-06-17T16:48:14","slug":"el-sindic-de-aran-carlos-barrera-y-el-mhp-carles-puigdemont-presiden-los-actos-de-la-fiesta-de-aran-en-el-25-aniversario-de-la-reinstauracion-del-conselh-generau-daran","status":"publish","type":"post","link":"https:\/\/www.conselharan.org\/es\/el-sindic-de-aran-carlos-barrera-y-el-mhp-carles-puigdemont-presiden-los-actos-de-la-fiesta-de-aran-en-el-25-aniversario-de-la-reinstauracion-del-conselh-generau-daran\/","title":{"rendered":"El sindic de Aran Carlos Barrera y el MHP Carles Puigdemont presiden los actos de la Fiesta de Aran en el 25 aniversario de la reinstauraci\u00f3n del Conselh Generau d\u2019Aran"},"content":{"rendered":"<p><strong>El 17 de junio de 1991 se celebraron las primeras elecciones al Conselh Generau d\u2019Aran. De acuerdo con lo que establec\u00eda el art\u00edculo 11 de la Ley 16\/1990, Aran se divide en seis circunscripciones, que se corresponden con sus ter\u00e7ons hist\u00f3ricos.<\/strong><\/p>\n<p><strong>El n\u00famero de conselh\u00e8rs y conselh\u00e8res a elegir en cada uno de los ter\u00e7ons es el siguiente: Puj\u00f2lo: dos miembros; Arties e Gar\u00f2s: dos miembros; Casti\u00e8ro: cuatro miembros; Marcatosa: un miembro; Lairissa: un miembro y Quate L\u00f2cs: tres miembros.<\/strong><\/p>\n<p><strong>El a\u00f1o 1313 el rey Jaime II otorg\u00f3 a los araneses el conjunto de privilegios denominado Era Querim\u00f2nia, verdadera Carta Magna de Aran, ratificada por todos los reyes hasta Fernando VII.<\/strong><\/p>\n<p><a href=\"http:\/\/www.conselharan.org\/wp-content\/uploads\/2016\/06\/20160617_GKMPH_0053.jpg\"><img loading=\"lazy\" decoding=\"async\" class=\"aligncenter size-large wp-image-12550\" src=\"http:\/\/www.conselharan.org\/wp-content\/uploads\/2016\/06\/20160617_GKMPH_0053-693x1024.jpg\" alt=\"20160617_GKMPH_0053\" width=\"693\" height=\"1024\" srcset=\"https:\/\/www.conselharan.org\/wp-content\/uploads\/2016\/06\/20160617_GKMPH_0053-693x1024.jpg 693w, https:\/\/www.conselharan.org\/wp-content\/uploads\/2016\/06\/20160617_GKMPH_0053-203x300.jpg 203w, https:\/\/www.conselharan.org\/wp-content\/uploads\/2016\/06\/20160617_GKMPH_0053-768x1136.jpg 768w\" sizes=\"(max-width: 693px) 100vw, 693px\" \/><\/a><\/p>\n<p>Viella, 17 de junio de 2016.- El <strong>sindic d\u2019Aran, Carlos Barrera<\/strong> y el <strong>president de la Generalitat, Carles Puigdemont<\/strong> han presidido esta ma\u00f1ana los actos conmemorativos del 25 aniversario de la reinstauraci\u00f3n del Conselh Generau d\u2019Aran, dentro de la celebraci\u00f3n de la Fiesta de Aran, donde se conmemora la recuperaci\u00f3n de los derechos y privilegios de la Val d&#8217;Aran. El acto ha comenzado con el desfile de los \u00abpendones\u00bb llevados por los representantes de cada \u00abter\u00e7\u00f3n\u00bb hasta el Santuario de Nuestra Se\u00f1ora de Mijaran, con una misa celebrada por el Arzobispo de Urgell, Mons. <strong>Joan-Enric Vives.<\/strong> Al finalizar, ha tenido lugar el acto institucional de la fiesta de Aran en las ruinas del santuario, donde se ha izado la bandera aranesa con el himno de Aran (Montanhes Araneses).<\/p>\n<p>La Fiesta de Aran ha contado con la presencia de todos los conselh\u00e8rs del Pleno del Conselh Generau d\u2019Aran, de los alcaldes y presidentes ped\u00e1neos del Valle de Aran, de la H. consellera de Gobernaci\u00f3n, Meritxell Borr\u00e0s, de la delegada del Govern en el Alt Pirineu y Aran, Rosa Amor\u00f3s, del director general de pol\u00edticas de Monta\u00f1a, Albert Alins, y de un numeroso grupo de conselh\u00e8rs y conselh\u00e8res del Conselh generau d\u2019Aran a lo largo de estos 25 a\u00f1os.<\/p>\n<p><a href=\"http:\/\/www.conselharan.org\/wp-content\/uploads\/2016\/06\/20160617_GKMPH_0360.jpg\"><img loading=\"lazy\" decoding=\"async\" class=\"size-large wp-image-12556\" src=\"http:\/\/www.conselharan.org\/wp-content\/uploads\/2016\/06\/20160617_GKMPH_0360-1024x683.jpg\" alt=\"Carlos Barrera Sindico de Aran parlamentos oficiales, Carles Puigdemonet President de la Generalitat; Hesta d'Aran - Festa d'Aran, Vielha - Val d'Aran; 17\/06\/2016; Gorka Martinez - gkmph;\" width=\"1024\" height=\"683\" srcset=\"https:\/\/www.conselharan.org\/wp-content\/uploads\/2016\/06\/20160617_GKMPH_0360-1024x683.jpg 1024w, https:\/\/www.conselharan.org\/wp-content\/uploads\/2016\/06\/20160617_GKMPH_0360-300x200.jpg 300w, https:\/\/www.conselharan.org\/wp-content\/uploads\/2016\/06\/20160617_GKMPH_0360-768x512.jpg 768w\" sizes=\"(max-width: 1024px) 100vw, 1024px\" \/><\/a><\/p>\n<p>Durante su intervenci\u00f3n <strong>el sindic d\u2019Aran, Carlos Barrera, ha querido tener un reconocimiento especial para todos los araneses y aranesas, no s\u00f3lo los pol\u00edticos, que durante estos 25 a\u00f1os, han trabajado por los derechos hist\u00f3ricos y para avanzar en la defensa de la identidad y singularidad de la cultura y de la lengua del Valle de Aran. Barrera, ha querido \u00abagradecer la presencia del president de la Generalitat, Carles Puigdemont, as\u00ed como tambi\u00e9n de la consellera de Gobernaci\u00f3n, Meritxell Borr\u00e0s, que es adem\u00e1s, la presidenta de la comisi\u00f3n bilateral Generalitat-Conselh Generau d\u2019Aran, su participaci\u00f3n en esta Fiesta de Aran especial de conmemoraci\u00f3n de los 25 a\u00f1os de reinstauraci\u00f3n del Conselh Generau d\u2019Aran\u00bb.<\/strong><\/p>\n<p>El sindic d\u2019Aran <strong>Carlos Barrera<\/strong>, pidi\u00f3 ante el numeroso p\u00fablico asistente al president de la Generalitat<strong>, \u00absu apoyo para poder desarrollar la Ley de Aran en plenitud, y la predisposici\u00f3n de los departamentos de la Generalitat para trabajar con el Pleno del Conselh Generau d\u2019Aran para priorizar el traspaso de competencias al Gov\u00e8rn d\u2019Aran y poder iniciar el despliegue antes de fin de a\u00f1o de la parte pol\u00edtica m\u00e1s importante de la Ley de r\u00e9gimen especial de Aran \u00ab.<\/strong><\/p>\n<p><a href=\"http:\/\/www.conselharan.org\/wp-content\/uploads\/2016\/06\/20160617_GKMPH_0433-1.jpg\"><img loading=\"lazy\" decoding=\"async\" class=\"size-large wp-image-12557\" src=\"http:\/\/www.conselharan.org\/wp-content\/uploads\/2016\/06\/20160617_GKMPH_0433-1-1024x683.jpg\" alt=\"Carles Puigdemonet President de la Generalitat; Hesta d'Aran - Festa d'Aran, Vielha - Val d'Aran; 17\/06\/2016; Gorka Martinez - gkmph;\" width=\"1024\" height=\"683\" srcset=\"https:\/\/www.conselharan.org\/wp-content\/uploads\/2016\/06\/20160617_GKMPH_0433-1-1024x683.jpg 1024w, https:\/\/www.conselharan.org\/wp-content\/uploads\/2016\/06\/20160617_GKMPH_0433-1-300x200.jpg 300w, https:\/\/www.conselharan.org\/wp-content\/uploads\/2016\/06\/20160617_GKMPH_0433-1-768x512.jpg 768w\" sizes=\"(max-width: 1024px) 100vw, 1024px\" \/><\/a><\/p>\n<p>Por su parte, el president de la Generalitat, <strong>Carles Puigdemont<\/strong>, ha manifestado el <strong>\u00abcompromiso\u00bb <\/strong>expl\u00edcito del Gobierno de Catalunya con el desarrollo de la Ley de r\u00e9gimen especial de Aran.<\/p>\n<p><strong>\u00abEl compromiso pol\u00edtico sobre el desarrollo debe ser intacto y el m\u00e1ximo de ambicioso<\/strong>\u00ab, declar\u00f3 el president, <strong>\u00abde acuerdo con la potencia del compromiso de los que la aprobamos, ya que se hizo por unanimidad, sin votos en contra, y eso es muy importante\u00bb<\/strong>. Este hecho implica <strong>\u00abque no nos podemos dormir ni ser taca\u00f1os en su desarrollo, sino que debemos ser ambiciosos\u00bb<\/strong>, remarc\u00f3 Puigdemont, que ha afirmado que, para que el desarrollo sea efectivo, <strong>\u00abes necesario que haya herramientas efectivas como los presupuestos y el sistema de financiaci\u00f3n\u00bb.<\/strong><\/p>\n<p>En este sentido, el president ha constatado los problemas actuales del sistema de financiaci\u00f3n de Catalunya y ha reiterado que \u00abno tiene posibilidades de resolverse hasta que Catalu\u00f1a no pueda disponer de sus propias herramientas, herramientas de Estado, para poder asumir los compromisos que tiene con el conjunto del pa\u00eds, especialmente con los colectivos m\u00e1s vulnerables, los que necesitan m\u00e1s equilibrio y cohesi\u00f3n territoriales y aquellos que viven en territorios m\u00e1s desfavorecidos por razones geogr\u00e1ficas y socioecon\u00f3micas \u00ab. A pesar de esta carencia, Puigdemont ha reiterado ante el sindic de Aran, Carlos Barrera, <strong>que \u00abel Govern acompa\u00f1ar\u00e1 el Conselh Generau d\u2019Aran y los esfuerzos que hacen todos los municipios\u00bb y velar\u00e1 por un despliegue efectivo de la ley.<\/strong><\/p>\n<p>Los actos conmemorativos del 25 aniversario de la reinstauraci\u00f3n del Conselh Generau d\u2019Aran en la Fiesta de Aran de este a\u00f1o han acabado con bailes araneses.<\/p>\n<p><a href=\"http:\/\/www.conselharan.org\/wp-content\/uploads\/2016\/06\/20160617_GKMPH_0613.jpg\"><img loading=\"lazy\" decoding=\"async\" class=\"size-large wp-image-12559\" src=\"http:\/\/www.conselharan.org\/wp-content\/uploads\/2016\/06\/20160617_GKMPH_0613-683x1024.jpg\" alt=\"Carles Puigdemonet President de la Generalitat bailando danzas tradicionales; Hesta d'Aran - Festa d'Aran, Vielha - Val d'Aran; 17\/06\/2016; Gorka Martinez - gkmph;\" width=\"683\" height=\"1024\" srcset=\"https:\/\/www.conselharan.org\/wp-content\/uploads\/2016\/06\/20160617_GKMPH_0613-683x1024.jpg 683w, https:\/\/www.conselharan.org\/wp-content\/uploads\/2016\/06\/20160617_GKMPH_0613-200x300.jpg 200w, https:\/\/www.conselharan.org\/wp-content\/uploads\/2016\/06\/20160617_GKMPH_0613-768x1152.jpg 768w\" sizes=\"(max-width: 683px) 100vw, 683px\" \/><\/a><\/p>\n<p><a href=\"http:\/\/www.conselharan.org\/wp-content\/uploads\/2016\/06\/20160617_GKMPH_0738.jpg\"><img loading=\"lazy\" decoding=\"async\" class=\"size-large wp-image-12558\" src=\"http:\/\/www.conselharan.org\/wp-content\/uploads\/2016\/06\/20160617_GKMPH_0738-1024x683.jpg\" alt=\"Carles Puigdemoent, Carlos Barrera, Meritxell Borras, Conselhers d'Aran; Hesta d'Aran - Festa d'Aran, Vielha - Val d'Aran; 17\/06\/2016; Gorka Martinez - gkmph;\" width=\"1024\" height=\"683\" srcset=\"https:\/\/www.conselharan.org\/wp-content\/uploads\/2016\/06\/20160617_GKMPH_0738-1024x683.jpg 1024w, https:\/\/www.conselharan.org\/wp-content\/uploads\/2016\/06\/20160617_GKMPH_0738-300x200.jpg 300w, https:\/\/www.conselharan.org\/wp-content\/uploads\/2016\/06\/20160617_GKMPH_0738-768x512.jpg 768w\" sizes=\"(max-width: 1024px) 100vw, 1024px\" \/><\/a><\/p>\n<p>Audio Carles Puigdemont<\/p>\n<!--[if lt IE 9]><script>document.createElement('audio');<\/script><![endif]-->\n<audio class=\"wp-audio-shortcode\" id=\"audio-12566-1\" preload=\"none\" style=\"width: 100%;\" controls=\"controls\"><source type=\"audio\/wav\" src=\"http:\/\/www.conselharan.org\/wp-content\/uploads\/2016\/06\/DECLES-PRESIDENT-HESTA-DARAN1.wav?_=1\" \/><a href=\"http:\/\/www.conselharan.org\/wp-content\/uploads\/2016\/06\/DECLES-PRESIDENT-HESTA-DARAN1.wav\">http:\/\/www.conselharan.org\/wp-content\/uploads\/2016\/06\/DECLES-PRESIDENT-HESTA-DARAN1.wav<\/a><\/audio>\n<p>Audio Carlos Barrera<\/p>\n<audio class=\"wp-audio-shortcode\" id=\"audio-12566-2\" preload=\"none\" style=\"width: 100%;\" controls=\"controls\"><source type=\"audio\/wav\" src=\"http:\/\/www.conselharan.org\/wp-content\/uploads\/2016\/06\/DECLES-SINDIC-HESTA-DARAN1.wav?_=2\" \/><a href=\"http:\/\/www.conselharan.org\/wp-content\/uploads\/2016\/06\/DECLES-SINDIC-HESTA-DARAN1.wav\">http:\/\/www.conselharan.org\/wp-content\/uploads\/2016\/06\/DECLES-SINDIC-HESTA-DARAN1.wav<\/a><\/audio>\n ","protected":false},"excerpt":{"rendered":"<p>El 17 de junio de 1991 se celebraron las primeras elecciones al Conselh Generau d\u2019Aran. De acuerdo con lo que establec\u00eda el art\u00edculo 11 de la Ley 16\/1990, Aran se divide en seis circunscripciones, que se corresponden con sus ter\u00e7ons hist\u00f3ricos. El n\u00famero de conselh\u00e8rs y conselh\u00e8res a elegir en cada uno de los ter\u00e7ons&#8230;<\/p>\n","protected":false},"author":2,"featured_media":12554,"comment_status":"closed","ping_status":"closed","sticky":false,"template":"","format":"standard","meta":{"footnotes":""},"categories":[52,37],"tags":[],"_links":{"self":[{"href":"https:\/\/www.conselharan.org\/es\/wp-json\/wp\/v2\/posts\/12566"}],"collection":[{"href":"https:\/\/www.conselharan.org\/es\/wp-json\/wp\/v2\/posts"}],"about":[{"href":"https:\/\/www.conselharan.org\/es\/wp-json\/wp\/v2\/types\/post"}],"author":[{"embeddable":true,"href":"https:\/\/www.conselharan.org\/es\/wp-json\/wp\/v2\/users\/2"}],"replies":[{"embeddable":true,"href":"https:\/\/www.conselharan.org\/es\/wp-json\/wp\/v2\/comments?post=12566"}],"version-history":[{"count":4,"href":"https:\/\/www.conselharan.org\/es\/wp-json\/wp\/v2\/posts\/12566\/revisions"}],"predecessor-version":[{"id":12570,"href":"https:\/\/www.conselharan.org\/es\/wp-json\/wp\/v2\/posts\/12566\/revisions\/12570"}],"wp:featuredmedia":[{"embeddable":true,"href":"https:\/\/www.conselharan.org\/es\/wp-json\/wp\/v2\/media\/12554"}],"wp:attachment":[{"href":"https:\/\/www.conselharan.org\/es\/wp-json\/wp\/v2\/media?parent=12566"}],"wp:term":[{"taxonomy":"category","embeddable":true,"href":"https:\/\/www.conselharan.org\/es\/wp-json\/wp\/v2\/categories?post=12566"},{"taxonomy":"post_tag","embeddable":true,"href":"https:\/\/www.conselharan.org\/es\/wp-json\/wp\/v2\/tags?post=12566"}],"curies":[{"name":"wp","href":"https:\/\/api.w.org\/{rel}","templated":true}]}}