{"id":12591,"date":"2016-06-20T20:31:19","date_gmt":"2016-06-20T18:31:19","guid":{"rendered":"http:\/\/www.conselharan.org\/es\/?p=12591"},"modified":"2016-06-20T20:31:19","modified_gmt":"2016-06-20T18:31:19","slug":"el-ple-del-conselh-generau-daran-aprueba-los-presupuestos-de-2016","status":"publish","type":"post","link":"https:\/\/www.conselharan.org\/es\/el-ple-del-conselh-generau-daran-aprueba-los-presupuestos-de-2016\/","title":{"rendered":"El Ple del Conselh Generau d\u2019Aran aprueba los presupuestos de 2016"},"content":{"rendered":"<p>Vielha, 20 de junio de 2016.- El Ple del Conselh Generau d\u2019Aran ha aprobado hoy por 7 votos a favor de CDA y la abstenci\u00f3n de UA-PSC y del PRAG el presupuesto inicial correspondiente al a\u00f1o 2016 por un importe de 27.106.976 \u20ac.<\/p>\n<p>Los presupuestos aprobados hoy, incluyen un incremento de 500.000 \u20ac para el Servicio Aran\u00e9s de Bienestar y Salud (SABS), y una partida de 400.000 \u20ac destinada al pago del 75% que quedaba pendiente de la paga extra del personal del Conselh Generau d\u2019Aran del a\u00f1o 2012.<\/p>\n<p><a href=\"http:\/\/www.conselharan.org\/wp-content\/uploads\/2016\/06\/IMG_6533.jpg\"><img loading=\"lazy\" decoding=\"async\" class=\"aligncenter size-large wp-image-12586\" src=\"http:\/\/www.conselharan.org\/wp-content\/uploads\/2016\/06\/IMG_6533-1024x607.jpg\" alt=\"IMG_6533\" width=\"1024\" height=\"607\" srcset=\"https:\/\/www.conselharan.org\/wp-content\/uploads\/2016\/06\/IMG_6533-1024x607.jpg 1024w, https:\/\/www.conselharan.org\/wp-content\/uploads\/2016\/06\/IMG_6533-300x178.jpg 300w, https:\/\/www.conselharan.org\/wp-content\/uploads\/2016\/06\/IMG_6533-768x455.jpg 768w\" sizes=\"(max-width: 1024px) 100vw, 1024px\" \/><\/a><\/p>\n<p>El sindic d\u2019Aran, <strong>Carlos Barrera<\/strong>, explic\u00f3 que <strong>\u00abcon este presupuesto, el Conselh Generau d\u2019Aran da cobertura a todas las responsabilidades adquiridas por el traspaso de competencias, prestando todos los servicios que hasta ahora ha venido prestando a los ciudadanos\u00bb<\/strong>. Barrera, ha a\u00f1adido que <strong>\u00ablo m\u00e1s importante de todo es que el Gov\u00e8rn d\u2019Aran, pueda garantizar la prestaci\u00f3n de todos los servicios del Conselh Generau d\u2019Aran con la misma calidad que se hizo el a\u00f1o 2015, y poder sacar adelante proyectos como el de la nueva Residencia Geri\u00e1trica de la Val d&#8217;Aran, y negociar con la Generalitat de Catalu\u00f1a entre 20 y 25 plazas consorciadas en este proyecto de legislatura\u00bb<\/strong>. Con respecto al primer objetivo del Gov\u00e8rn d\u2019Aran dijo Barrera, <strong>\u00abes trabajar por la prestaci\u00f3n de los servicios de Sanidad y bienestar de las personas, sin dejar de lado todos los otros \u00e1mbitos como el turismo, las infraestructuras, la cultura o las emergencias, que nos mantienen como destino tur\u00edstico de calidad y permiten mejorar la econom\u00eda del pa\u00eds\u00bb.<\/strong><\/p>\n<p>En la sesi\u00f3n de hoy, el Ple del Conselh Generau d\u2019Aran, <strong>ha aprobado por unanimidad<\/strong> <strong>una moci\u00f3n de apoyo a la ganader\u00eda de monta\u00f1a y al agropastoralismo, ante la constataci\u00f3n del malestar entre los ganaderos de alta monta\u00f1a, por la reintroducci\u00f3n de un nuevo oso macho en el Pirineo catal\u00e1n.<\/strong><\/p>\n<p>El Ple del Conselh Generau, ha aprobado pedir al departamento de Agricultura, Ganader\u00eda, Pesca y Alimentaci\u00f3n de la Generalitat de Catalunya, al Ministerio de Agricultura, Alimentaci\u00f3n y Medio Ambiente (MAGRAMA) y a las instituciones europeas, que refuercen las pol\u00edticas de apoyo a las explotaciones ganaderas de alta monta\u00f1a y que modifiquen la actual PAC en favor de un mayor apoyo a las actividades agropastoriles, para establecer medidas que eviten su desaparici\u00f3n.<\/p>\n<p>Tambi\u00e9n se ha acordado pedir la delimitaci\u00f3n del espacio denominado \u00abEspacio Oso\u00bb, donde se puedan aplicar medidas espec\u00edficas de apoyo a la ganader\u00eda extensiva de monta\u00f1a, as\u00ed como la realizaci\u00f3n de un estudio para determinar el n\u00famero de ejemplares de oso que puede soportar el Pirineo, sin poner en riesgo la seguridad de las personas y el mantenimiento del sector ganadero. Tambi\u00e9n se solicita a la Generalitat de Catalunya, que se faciliten los tr\u00e1mites administrativos para agilizar las indemnizaciones por ataques de fauna salvaje en el Pirineo catal\u00e1n, creando una Mesa T\u00e9cnica con representantes del sector ganadero, que revise los expedientes de ataques de fauna salvaje protegida.<\/p>\n<p>&nbsp;<\/p>\n<p>&nbsp;<\/p>\n ","protected":false},"excerpt":{"rendered":"<p>Vielha, 20 de junio de 2016.- El Ple del Conselh Generau d\u2019Aran ha aprobado hoy por 7 votos a favor de CDA y la abstenci\u00f3n de UA-PSC y del PRAG el presupuesto inicial correspondiente al a\u00f1o 2016 por un importe de 27.106.976 \u20ac. Los presupuestos aprobados hoy, incluyen un incremento de 500.000 \u20ac para el&#8230;<\/p>\n","protected":false},"author":2,"featured_media":12586,"comment_status":"closed","ping_status":"closed","sticky":false,"template":"","format":"standard","meta":{"footnotes":""},"categories":[52,37],"tags":[],"_links":{"self":[{"href":"https:\/\/www.conselharan.org\/es\/wp-json\/wp\/v2\/posts\/12591"}],"collection":[{"href":"https:\/\/www.conselharan.org\/es\/wp-json\/wp\/v2\/posts"}],"about":[{"href":"https:\/\/www.conselharan.org\/es\/wp-json\/wp\/v2\/types\/post"}],"author":[{"embeddable":true,"href":"https:\/\/www.conselharan.org\/es\/wp-json\/wp\/v2\/users\/2"}],"replies":[{"embeddable":true,"href":"https:\/\/www.conselharan.org\/es\/wp-json\/wp\/v2\/comments?post=12591"}],"version-history":[{"count":1,"href":"https:\/\/www.conselharan.org\/es\/wp-json\/wp\/v2\/posts\/12591\/revisions"}],"predecessor-version":[{"id":12592,"href":"https:\/\/www.conselharan.org\/es\/wp-json\/wp\/v2\/posts\/12591\/revisions\/12592"}],"wp:featuredmedia":[{"embeddable":true,"href":"https:\/\/www.conselharan.org\/es\/wp-json\/wp\/v2\/media\/12586"}],"wp:attachment":[{"href":"https:\/\/www.conselharan.org\/es\/wp-json\/wp\/v2\/media?parent=12591"}],"wp:term":[{"taxonomy":"category","embeddable":true,"href":"https:\/\/www.conselharan.org\/es\/wp-json\/wp\/v2\/categories?post=12591"},{"taxonomy":"post_tag","embeddable":true,"href":"https:\/\/www.conselharan.org\/es\/wp-json\/wp\/v2\/tags?post=12591"}],"curies":[{"name":"wp","href":"https:\/\/api.w.org\/{rel}","templated":true}]}}