{"id":12601,"date":"2016-06-21T15:29:53","date_gmt":"2016-06-21T13:29:53","guid":{"rendered":"http:\/\/www.conselharan.org\/es\/?p=12601"},"modified":"2016-06-21T15:29:53","modified_gmt":"2016-06-21T13:29:53","slug":"el-valle-de-aran-acogera-una-prueba-de-la-copa-del-mundo-de-esqui-de-montana-los-dias-8-y-9-de-abril-de-2017","status":"publish","type":"post","link":"https:\/\/www.conselharan.org\/es\/el-valle-de-aran-acogera-una-prueba-de-la-copa-del-mundo-de-esqui-de-montana-los-dias-8-y-9-de-abril-de-2017\/","title":{"rendered":"El Valle de Aran acoger\u00e1 una prueba de la Copa del Mundo de Esqu\u00ed de Monta\u00f1a los d\u00edas 8 y 9 de abril de 2017"},"content":{"rendered":"<p><strong>El Conselh Generau d\u2019Aran aporta 30.000 \u20ac a la organizaci\u00f3n de la carrera que llevar\u00e1 el nombre de Val d\u2019Aran 2017 ISMF World Cup<\/strong><strong>\u00a0<\/strong><\/p>\n<p>Vielha, 21 de junio de 2016.- El Valle de Aran acoger\u00e1 una prueba de la Copa del Mundo de Esqu\u00ed de Monta\u00f1a los d\u00edas 8 y 9 de abril de 2017. El nombre oficial de la carrera ser\u00e1 Val d&#8217;Aran 2017 ISMF World Cup, y la sede de la organizaci\u00f3n ser\u00e1n las poblaciones de Vielha y Naut Aran.<\/p>\n<p><a href=\"http:\/\/www.conselharan.org\/wp-content\/uploads\/2016\/06\/Sortida-FEEC-Millet-624x466.jpg\"><img loading=\"lazy\" decoding=\"async\" class=\"aligncenter size-full wp-image-12596\" src=\"http:\/\/www.conselharan.org\/wp-content\/uploads\/2016\/06\/Sortida-FEEC-Millet-624x466.jpg\" alt=\"Sortida-FEEC-Millet-624x466\" width=\"624\" height=\"466\" srcset=\"https:\/\/www.conselharan.org\/wp-content\/uploads\/2016\/06\/Sortida-FEEC-Millet-624x466.jpg 624w, https:\/\/www.conselharan.org\/wp-content\/uploads\/2016\/06\/Sortida-FEEC-Millet-624x466-300x224.jpg 300w\" sizes=\"(max-width: 624px) 100vw, 624px\" \/><\/a><\/p>\n<p>Esta carrera ser\u00e1 una de las cinco puntuables para la Copa Mundial de la International Ski Mountainering Federation. El s\u00e1bado 8 de abril se disputar\u00e1 la prueba individual, y el domingo 9 de abril, la carrera vertical, dentro de la prueba Era Pujada. Paralelamente se celebrar\u00e1n las pruebas open y Copa Catalana de Esqu\u00ed de Monta\u00f1a de la FEEC.<\/p>\n<p>La competici\u00f3n organizada por el Centro Excursionista de Catalunya (CEC) y el CE de Aran, se disputar\u00e1 en el entorno de la estaci\u00f3n de esqu\u00ed de Baqueira Beret, y tendr\u00e1 el apoyo de la Federaci\u00f3n de Entidades Excursionistas de Catalu\u00f1a (FEEC) y la FEDME.<\/p>\n<p>Los mejores esquiadores y esquiadoras de monta\u00f1a del mundo, con el vigente ganador de la copa, el catal\u00e1n <strong>Kilian Jornet<\/strong>, se encontrar\u00e1n en la Val d&#8217;Aran, al que se a\u00f1adir\u00e1n nombres como los de los italianos Michele Boscacci, Roberto Antonioli, el alem\u00e1n Anton P\u00e4lzer, el franc\u00e9s William Bon Mardion, o los catalanes Oriol Cardona y Marc Pinsach, que ser\u00e1n algunos de los atractivos a tener en cuenta en categor\u00eda masculina.<\/p>\n<p>En la categor\u00eda femenina m\u00e1s all\u00e1 de las catalanas Claudia Galicia, Marta Garcia, Laura Orgu\u00e9 y Mireia Mir\u00f3, destaca el actual n\u00famero 1 del mundo, la francesa Laetitia Roux, la tambi\u00e9n francesa Axelle Mollaret y la italiana Katia Tomatis.<\/p>\n<p>El vicesindic d\u2019Aran y consejero de Deportes, <strong>Lu\u00eds Carlos Medina<\/strong>, se\u00f1al\u00f3 que <strong>\u00abla inclusi\u00f3n de la Val d&#8217;Aran en el calendario de la ISMF World Cup 2017, supone un paso m\u00e1s en la consolidaci\u00f3n de la Val d&#8217;Aran como destino deportivo de pruebas de alto nivel internacional, adem\u00e1s de la consolidaci\u00f3n como sede de referencia para pruebas de esqu\u00ed de monta\u00f1a\u00bb<\/strong>. Medina ha querido <strong>\u00abdestacar una vez m\u00e1s la predisposici\u00f3n de Baqueira Beret a la hora de apoyar las iniciativas deportivas del Gov\u00e8rn d\u2019Aran\u00bb.<\/strong><\/p>\n<p>El ISMF se reuni\u00f3 el pasado fin de semana en Portugal, donde se ha celebrado la asamblea anual. En la asamblea se ha decidido el calendario de la pr\u00f3xima temporada, donde se incluye la prueba aranesa.<\/p>\n ","protected":false},"excerpt":{"rendered":"<p>El Conselh Generau d\u2019Aran aporta 30.000 \u20ac a la organizaci\u00f3n de la carrera que llevar\u00e1 el nombre de Val d\u2019Aran 2017 ISMF World Cup\u00a0 Vielha, 21 de junio de 2016.- El Valle de Aran acoger\u00e1 una prueba de la Copa del Mundo de Esqu\u00ed de Monta\u00f1a los d\u00edas 8 y 9 de abril de 2017&#8230;.<\/p>\n","protected":false},"author":2,"featured_media":12596,"comment_status":"closed","ping_status":"closed","sticky":false,"template":"","format":"standard","meta":{"footnotes":""},"categories":[34],"tags":[],"_links":{"self":[{"href":"https:\/\/www.conselharan.org\/es\/wp-json\/wp\/v2\/posts\/12601"}],"collection":[{"href":"https:\/\/www.conselharan.org\/es\/wp-json\/wp\/v2\/posts"}],"about":[{"href":"https:\/\/www.conselharan.org\/es\/wp-json\/wp\/v2\/types\/post"}],"author":[{"embeddable":true,"href":"https:\/\/www.conselharan.org\/es\/wp-json\/wp\/v2\/users\/2"}],"replies":[{"embeddable":true,"href":"https:\/\/www.conselharan.org\/es\/wp-json\/wp\/v2\/comments?post=12601"}],"version-history":[{"count":1,"href":"https:\/\/www.conselharan.org\/es\/wp-json\/wp\/v2\/posts\/12601\/revisions"}],"predecessor-version":[{"id":12602,"href":"https:\/\/www.conselharan.org\/es\/wp-json\/wp\/v2\/posts\/12601\/revisions\/12602"}],"wp:featuredmedia":[{"embeddable":true,"href":"https:\/\/www.conselharan.org\/es\/wp-json\/wp\/v2\/media\/12596"}],"wp:attachment":[{"href":"https:\/\/www.conselharan.org\/es\/wp-json\/wp\/v2\/media?parent=12601"}],"wp:term":[{"taxonomy":"category","embeddable":true,"href":"https:\/\/www.conselharan.org\/es\/wp-json\/wp\/v2\/categories?post=12601"},{"taxonomy":"post_tag","embeddable":true,"href":"https:\/\/www.conselharan.org\/es\/wp-json\/wp\/v2\/tags?post=12601"}],"curies":[{"name":"wp","href":"https:\/\/api.w.org\/{rel}","templated":true}]}}