{"id":12745,"date":"2016-07-01T14:05:27","date_gmt":"2016-07-01T12:05:27","guid":{"rendered":"http:\/\/www.conselharan.org\/es\/?p=12745"},"modified":"2016-07-01T14:10:37","modified_gmt":"2016-07-01T12:10:37","slug":"afectaciones-en-el-transporte-interno-de-la-val-daran-con-motivo-de-la-salida-de-la-9a-etapa-del-tour-de-france-desde-vielha","status":"publish","type":"post","link":"https:\/\/www.conselharan.org\/es\/afectaciones-en-el-transporte-interno-de-la-val-daran-con-motivo-de-la-salida-de-la-9a-etapa-del-tour-de-france-desde-vielha\/","title":{"rendered":"Afectaciones en el transporte interno de la Val d\u2019Aran con motivo de la salida de la 9\u00aa etapa del Tour de France desde Vielha"},"content":{"rendered":"<p><img loading=\"lazy\" decoding=\"async\" class=\"aligncenter size-large wp-image-12741\" src=\"http:\/\/www.conselharan.org\/wp-content\/uploads\/2016\/07\/LE-TOUR-CONSELH-VA-1024x422.jpg\" alt=\"LE TOUR + CONSELH + VA\" width=\"1024\" height=\"422\" srcset=\"https:\/\/www.conselharan.org\/wp-content\/uploads\/2016\/07\/LE-TOUR-CONSELH-VA-1024x422.jpg 1024w, https:\/\/www.conselharan.org\/wp-content\/uploads\/2016\/07\/LE-TOUR-CONSELH-VA-300x124.jpg 300w, https:\/\/www.conselharan.org\/wp-content\/uploads\/2016\/07\/LE-TOUR-CONSELH-VA-768x316.jpg 768w\" sizes=\"(max-width: 1024px) 100vw, 1024px\" \/><\/p>\n<p>&nbsp;<\/p>\n<p>La 9\u00aa etapa del Tour de France, saldr\u00e1 el d\u00eda 10 de julio de Vielha y finalizar\u00e1 en Arcal\u00eds (Andorra), motivo por el cual la Avda. Casti\u00e8ro y Avda. Pas d\u2019Arr\u00f3 de Vielha permanecer\u00e1n cerradas a la circulaci\u00f3n de veh\u00edculos entre las 09h00 y las 14h00.<\/p>\n<p>Esta circunstancia afectar\u00e1 a las comunicaciones en el transporte p\u00fablico entre la capital aranesa y Baqueira por la Avda. Casti\u00e8ro y la carretera C-28.<\/p>\n<p>Las afectaciones que tendr\u00e1 el servicio de transporte interno de la Val d\u2019Aran ser\u00e1n las siguientes:<\/p>\n<p>&#8211;<strong> De 09h00 a 14h00 no habr\u00e1 servicio de transporte interno<\/strong> entre Vielha y Baqueira por Avda. Casti\u00e8ro, Avda. Pas d\u2019Arr\u00f3 y carretera C-28.<\/p>\n<p>&nbsp;<\/p>\n<p>&#8211;<strong> Quedar\u00e1n anulados los servicios:<\/strong><\/p>\n<p><em>Vielha- Baqueira:<\/em><\/p>\n<p>Salidas Vielha a las 09h00, 10h00, 11h00 e 13h00<\/p>\n<p>&nbsp;<\/p>\n<p><em>Baqueira- Vielha:<\/em><\/p>\n<p>Salidas de Baqueira a las 09h30, 11h30, 12h30 y 13h30<\/p>\n<p>&nbsp;<\/p>\n<ul>\n<li>Los servicios que vienen del Bajo Aran en este horario finalizar\u00e1n e iniciar\u00e1n sus servicios desde la parada situada en Avda. Alcalde Calbet\u00f3 Barra (cine)<\/li>\n<li>Los servicios entre Pontaut y Vielha no sufrir\u00e1n cancelaciones, pero podr\u00edan verse afectados en su puntualidad si se incrementara el tr\u00e1fico en la carretera N-230.<\/li>\n<li>El servicio de salida de Les a las 10h30, se reforzar\u00e1 con otro veh\u00edculo en caso de ser necesario.<\/li>\n<\/ul>\n<p>&nbsp;<\/p>\n<p>Horarios:<img loading=\"lazy\" decoding=\"async\" class=\"aligncenter size-full wp-image-12740\" src=\"http:\/\/www.conselharan.org\/wp-content\/uploads\/2016\/07\/Diapositiva1.jpg\" alt=\"Diapositiva1\" width=\"960\" height=\"720\" srcset=\"https:\/\/www.conselharan.org\/wp-content\/uploads\/2016\/07\/Diapositiva1.jpg 960w, https:\/\/www.conselharan.org\/wp-content\/uploads\/2016\/07\/Diapositiva1-300x225.jpg 300w, https:\/\/www.conselharan.org\/wp-content\/uploads\/2016\/07\/Diapositiva1-768x576.jpg 768w\" sizes=\"(max-width: 960px) 100vw, 960px\" \/><\/p>\n<p>Vielha, 1 de julio de 2016<\/p>\n<p>&nbsp;<\/p>\n<p><em>Conselh Generau d&#8217;Aran: N\u00faria Sanjuan<\/em><\/p>\n ","protected":false},"excerpt":{"rendered":"<p>&nbsp; La 9\u00aa etapa del Tour de France, saldr\u00e1 el d\u00eda 10 de julio de Vielha y finalizar\u00e1 en Arcal\u00eds (Andorra), motivo por el cual la Avda. Casti\u00e8ro y Avda. Pas d\u2019Arr\u00f3 de Vielha permanecer\u00e1n cerradas a la circulaci\u00f3n de veh\u00edculos entre las 09h00 y las 14h00. Esta circunstancia afectar\u00e1 a las comunicaciones en el&#8230;<\/p>\n","protected":false},"author":2,"featured_media":12741,"comment_status":"closed","ping_status":"closed","sticky":false,"template":"","format":"standard","meta":{"footnotes":""},"categories":[52],"tags":[],"_links":{"self":[{"href":"https:\/\/www.conselharan.org\/es\/wp-json\/wp\/v2\/posts\/12745"}],"collection":[{"href":"https:\/\/www.conselharan.org\/es\/wp-json\/wp\/v2\/posts"}],"about":[{"href":"https:\/\/www.conselharan.org\/es\/wp-json\/wp\/v2\/types\/post"}],"author":[{"embeddable":true,"href":"https:\/\/www.conselharan.org\/es\/wp-json\/wp\/v2\/users\/2"}],"replies":[{"embeddable":true,"href":"https:\/\/www.conselharan.org\/es\/wp-json\/wp\/v2\/comments?post=12745"}],"version-history":[{"count":1,"href":"https:\/\/www.conselharan.org\/es\/wp-json\/wp\/v2\/posts\/12745\/revisions"}],"predecessor-version":[{"id":12747,"href":"https:\/\/www.conselharan.org\/es\/wp-json\/wp\/v2\/posts\/12745\/revisions\/12747"}],"wp:featuredmedia":[{"embeddable":true,"href":"https:\/\/www.conselharan.org\/es\/wp-json\/wp\/v2\/media\/12741"}],"wp:attachment":[{"href":"https:\/\/www.conselharan.org\/es\/wp-json\/wp\/v2\/media?parent=12745"}],"wp:term":[{"taxonomy":"category","embeddable":true,"href":"https:\/\/www.conselharan.org\/es\/wp-json\/wp\/v2\/categories?post=12745"},{"taxonomy":"post_tag","embeddable":true,"href":"https:\/\/www.conselharan.org\/es\/wp-json\/wp\/v2\/tags?post=12745"}],"curies":[{"name":"wp","href":"https:\/\/api.w.org\/{rel}","templated":true}]}}