{"id":12752,"date":"2016-07-01T14:15:15","date_gmt":"2016-07-01T12:15:15","guid":{"rendered":"http:\/\/www.conselharan.org\/es\/?p=12752"},"modified":"2016-07-01T14:15:15","modified_gmt":"2016-07-01T12:15:15","slug":"inauguracion-de-la-exposicion-istoria-grafica-daran-en-sant-joan-de-arties","status":"publish","type":"post","link":"https:\/\/www.conselharan.org\/es\/inauguracion-de-la-exposicion-istoria-grafica-daran-en-sant-joan-de-arties\/","title":{"rendered":"Inauguraci\u00f3n de la exposici\u00f3n \u00abIst\u00f2ria grafica d\u2019Aran\u00bb en Sant Joan de Arties"},"content":{"rendered":"<p>Vielha, 1 de julio de 2016.- Desde hoy y hasta el d\u00eda 7 de enero de 2017, se puede visitar en la iglesia de Sant Joan de Arties la exposici\u00f3n <strong>\u00abIst\u00f2ria grafica d\u2019Aran\u00bb<\/strong>, que incluye un conjunto in\u00e9dito de fotograf\u00edas que repasan los hechos cotidianos, familiares y sociales de la Val d&#8217;Aran a lo largo del tiempo que se puede recoger a trav\u00e9s de la memoria fotogr\u00e1fica.<\/p>\n<p><a href=\"http:\/\/www.conselharan.org\/wp-content\/uploads\/2016\/07\/IMG_7172.jpg\"><img loading=\"lazy\" decoding=\"async\" class=\"aligncenter size-large wp-image-12739\" src=\"http:\/\/www.conselharan.org\/wp-content\/uploads\/2016\/07\/IMG_7172-1024x635.jpg\" alt=\"IMG_7172\" width=\"1024\" height=\"635\" srcset=\"https:\/\/www.conselharan.org\/wp-content\/uploads\/2016\/07\/IMG_7172-1024x635.jpg 1024w, https:\/\/www.conselharan.org\/wp-content\/uploads\/2016\/07\/IMG_7172-300x186.jpg 300w, https:\/\/www.conselharan.org\/wp-content\/uploads\/2016\/07\/IMG_7172-768x476.jpg 768w\" sizes=\"(max-width: 1024px) 100vw, 1024px\" \/><\/a><\/p>\n<p>La exposici\u00f3n organizada por la Fundaci\u00f3n Museo Etnol\u00f3gico del Valle de Ar\u00e1n, con la colaboraci\u00f3n del Conselh Generau d\u2019Aran, Museos del Valle de Aran y el Archivo Generau d\u2019Aran, ha supuesto dos a\u00f1os de trabajo para los organizadores de repaso y de elecci\u00f3n de las fotograf\u00edas.<\/p>\n<p>En la exposici\u00f3n que fue presentada ayer por <strong>Rosa Mar\u00eda Salgueiro<\/strong>, presidenta de la Fundaci\u00f3n y por <strong>Lu\u00eds Carlos Medina<\/strong>, vicesindic d\u2019Aran, se exponen 130 fotograf\u00edas que van desde 1900 hasta llegar a nuestros d\u00edas, divididas en siete apartados diferentes que reflejan y dan a conocer una parte de la memoria colectiva de la Val d&#8217;Aran.<\/p>\n<p>La exposici\u00f3n se podr\u00e1 visitar en Sant Joan d\u2019Arties desde hoy <strong>1 de julio hasta el 7 de enero de 2017, de lunes a s\u00e1bado de 17 a 20h; y de once de julio a once de septiembre, en horario de verano de 17 a 21h.<\/strong><\/p>\n<p><a href=\"http:\/\/www.conselharan.org\/wp-content\/uploads\/2016\/07\/IMG_7144.jpg\"><img loading=\"lazy\" decoding=\"async\" class=\"aligncenter size-large wp-image-12738\" src=\"http:\/\/www.conselharan.org\/wp-content\/uploads\/2016\/07\/IMG_7144-1024x616.jpg\" alt=\"IMG_7144\" width=\"1024\" height=\"616\" srcset=\"https:\/\/www.conselharan.org\/wp-content\/uploads\/2016\/07\/IMG_7144-1024x616.jpg 1024w, https:\/\/www.conselharan.org\/wp-content\/uploads\/2016\/07\/IMG_7144-300x180.jpg 300w, https:\/\/www.conselharan.org\/wp-content\/uploads\/2016\/07\/IMG_7144-768x462.jpg 768w\" sizes=\"(max-width: 1024px) 100vw, 1024px\" \/><\/a> <a href=\"http:\/\/www.conselharan.org\/wp-content\/uploads\/2016\/07\/13495149_1130061327058540_5185554350671733850_n.jpg\"><img loading=\"lazy\" decoding=\"async\" class=\"aligncenter size-full wp-image-12746\" src=\"http:\/\/www.conselharan.org\/wp-content\/uploads\/2016\/07\/13495149_1130061327058540_5185554350671733850_n.jpg\" alt=\"13495149_1130061327058540_5185554350671733850_n\" width=\"279\" height=\"395\" srcset=\"https:\/\/www.conselharan.org\/wp-content\/uploads\/2016\/07\/13495149_1130061327058540_5185554350671733850_n.jpg 279w, https:\/\/www.conselharan.org\/wp-content\/uploads\/2016\/07\/13495149_1130061327058540_5185554350671733850_n-212x300.jpg 212w\" sizes=\"(max-width: 279px) 100vw, 279px\" \/><\/a><\/p>\n ","protected":false},"excerpt":{"rendered":"<p>Vielha, 1 de julio de 2016.- Desde hoy y hasta el d\u00eda 7 de enero de 2017, se puede visitar en la iglesia de Sant Joan de Arties la exposici\u00f3n \u00abIst\u00f2ria grafica d\u2019Aran\u00bb, que incluye un conjunto in\u00e9dito de fotograf\u00edas que repasan los hechos cotidianos, familiares y sociales de la Val d&#8217;Aran a lo largo&#8230;<\/p>\n","protected":false},"author":2,"featured_media":12739,"comment_status":"closed","ping_status":"closed","sticky":false,"template":"","format":"standard","meta":{"footnotes":""},"categories":[34],"tags":[],"_links":{"self":[{"href":"https:\/\/www.conselharan.org\/es\/wp-json\/wp\/v2\/posts\/12752"}],"collection":[{"href":"https:\/\/www.conselharan.org\/es\/wp-json\/wp\/v2\/posts"}],"about":[{"href":"https:\/\/www.conselharan.org\/es\/wp-json\/wp\/v2\/types\/post"}],"author":[{"embeddable":true,"href":"https:\/\/www.conselharan.org\/es\/wp-json\/wp\/v2\/users\/2"}],"replies":[{"embeddable":true,"href":"https:\/\/www.conselharan.org\/es\/wp-json\/wp\/v2\/comments?post=12752"}],"version-history":[{"count":1,"href":"https:\/\/www.conselharan.org\/es\/wp-json\/wp\/v2\/posts\/12752\/revisions"}],"predecessor-version":[{"id":12753,"href":"https:\/\/www.conselharan.org\/es\/wp-json\/wp\/v2\/posts\/12752\/revisions\/12753"}],"wp:featuredmedia":[{"embeddable":true,"href":"https:\/\/www.conselharan.org\/es\/wp-json\/wp\/v2\/media\/12739"}],"wp:attachment":[{"href":"https:\/\/www.conselharan.org\/es\/wp-json\/wp\/v2\/media?parent=12752"}],"wp:term":[{"taxonomy":"category","embeddable":true,"href":"https:\/\/www.conselharan.org\/es\/wp-json\/wp\/v2\/categories?post=12752"},{"taxonomy":"post_tag","embeddable":true,"href":"https:\/\/www.conselharan.org\/es\/wp-json\/wp\/v2\/tags?post=12752"}],"curies":[{"name":"wp","href":"https:\/\/api.w.org\/{rel}","templated":true}]}}