{"id":12958,"date":"2016-07-21T18:52:18","date_gmt":"2016-07-21T16:52:18","guid":{"rendered":"http:\/\/www.conselharan.org\/es\/?p=12958"},"modified":"2016-07-21T18:52:18","modified_gmt":"2016-07-21T16:52:18","slug":"la-etapa-del-tour-en-el-valle-de-aran-genera-un-impacto-economico-de-16-millones-de-euros","status":"publish","type":"post","link":"https:\/\/www.conselharan.org\/es\/la-etapa-del-tour-en-el-valle-de-aran-genera-un-impacto-economico-de-16-millones-de-euros\/","title":{"rendered":"La etapa del Tour en el Valle de Aran genera un impacto econ\u00f3mico de 1&#8217;6 millones de euros"},"content":{"rendered":"<p>Vielha, 21 de julio de 2016.- La 9\u00aa etapa del Tour de Francia el pasado d\u00eda 10 de julio en el Valle de Aran, ha generado un impacto econ\u00f3mico de 1&#8217;6 millones de euros, seg\u00fan el estudio de impacto econ\u00f3mico encargado por el Conselh Generau d\u2019Aran.<\/p>\n<p>El coste de la organizaci\u00f3n de la etapa del Tour fue de 80.000 euros, a los que hay que a\u00f1adir otros 50.000 euros correspondientes al servicio de seguridad y actividades de promoci\u00f3n que hizo el Conselh Generau d\u2019Aran las semanas previas a la etapa. El impacto econ\u00f3mico directo ha multiplicado por 12 el coste de la inversi\u00f3n hecha para acoger la salida de la etapa del Tour.<\/p>\n<p><a href=\"http:\/\/www.conselharan.org\/wp-content\/uploads\/2016\/07\/ATB_0279.jpg\"><img loading=\"lazy\" decoding=\"async\" class=\"aligncenter size-large wp-image-12956\" src=\"http:\/\/www.conselharan.org\/wp-content\/uploads\/2016\/07\/ATB_0279-1024x680.jpg\" alt=\"ATB_0279\" width=\"1024\" height=\"680\" srcset=\"https:\/\/www.conselharan.org\/wp-content\/uploads\/2016\/07\/ATB_0279-1024x680.jpg 1024w, https:\/\/www.conselharan.org\/wp-content\/uploads\/2016\/07\/ATB_0279-300x199.jpg 300w, https:\/\/www.conselharan.org\/wp-content\/uploads\/2016\/07\/ATB_0279-768x510.jpg 768w, https:\/\/www.conselharan.org\/wp-content\/uploads\/2016\/07\/ATB_0279.jpg 2000w\" sizes=\"(max-width: 1024px) 100vw, 1024px\" \/><\/a><\/p>\n<p>La consejera de Turismo y Desarrollo Econ\u00f3mico del Gobierno de Aran, <strong>Anna D\u00edaz<\/strong>, afirm\u00f3 que <strong>\u00abel esfuerzo de la inversi\u00f3n hecha ha valido realmente la pena<\/strong>\u00ab. D\u00edaz,<\/p>\n<p>destac\u00f3 que del estudio se desprende que <strong>\u00abel gasto en alojamientos durante el fin de semana del Tour en el Valle de Aran, fue de unos 415.000 euros, mientras que en gastronom\u00eda y comercios se elev\u00f3 a 1.175.000 euros. Durante los d\u00edas previos y posteriores a la celebraci\u00f3n de la etapa las plazas hoteleras abiertas fueron un 83%, cuando el a\u00f1o pasado en las mismas fechas fueron un 52%. La ocupaci\u00f3n en los hoteles alcanz\u00f3 el 95,5%, los campings un 34%, en casas rurales un 54%. En el estudio no se ha contabilizado el impacto de segunda residencia que tambi\u00e9n es muy importante en todo el Valle de Aran \u00ab.<\/strong><\/p>\n<p>En cuanto al impacto medi\u00e1tico, la valoraci\u00f3n de retorno a nivel informativo de vender <strong>la marca tur\u00edstica Valle de Aran<\/strong> en prensa escrita se estima en 2,3 millones de euros y a nivel de televisi\u00f3n, con 21,6 millones de espectadores, en unos 3,7 millones de euros.<\/p>\n<p>La 9\u00aa etapa del Tour de Francia, tambi\u00e9n ha servido para que el Valle de Aran aumente su reputaci\u00f3n online, con m\u00e1s actividad a trav\u00e9s de internet y en las redes sociales. Un ejemplo es la p\u00e1gina web corporativa del Conselh Generau d\u2019Aran y la de Foment Torisme Val d&#8217;Aran, que ha incrementado estos d\u00edas del paso del Tour y posteriores en un 76,2% el n\u00famero de visitas.<\/p>\n<p>Finalmente, Anna D\u00edaz, ha recordado que no s\u00f3lo fue el hecho de acoger la salida de la etapa sino que detr\u00e1s hubo mucho trabajo previo como la inauguraci\u00f3n en Eth Portilhon del monolito en homenaje a los 7 campeones espa\u00f1oles del Tour de Francia, que se hizo en el mes de mayo, y las presentaciones de la salida de la etapa en Toulouse y Barcelona, adem\u00e1s de la pedalada popular que se organiz\u00f3 en las fechas anteriores al paso de la carrera francesa.<\/p>\n ","protected":false},"excerpt":{"rendered":"<p>Vielha, 21 de julio de 2016.- La 9\u00aa etapa del Tour de Francia el pasado d\u00eda 10 de julio en el Valle de Aran, ha generado un impacto econ\u00f3mico de 1&#8217;6 millones de euros, seg\u00fan el estudio de impacto econ\u00f3mico encargado por el Conselh Generau d\u2019Aran. El coste de la organizaci\u00f3n de la etapa del&#8230;<\/p>\n","protected":false},"author":2,"featured_media":12956,"comment_status":"closed","ping_status":"closed","sticky":false,"template":"","format":"standard","meta":{"footnotes":""},"categories":[52,37],"tags":[],"_links":{"self":[{"href":"https:\/\/www.conselharan.org\/es\/wp-json\/wp\/v2\/posts\/12958"}],"collection":[{"href":"https:\/\/www.conselharan.org\/es\/wp-json\/wp\/v2\/posts"}],"about":[{"href":"https:\/\/www.conselharan.org\/es\/wp-json\/wp\/v2\/types\/post"}],"author":[{"embeddable":true,"href":"https:\/\/www.conselharan.org\/es\/wp-json\/wp\/v2\/users\/2"}],"replies":[{"embeddable":true,"href":"https:\/\/www.conselharan.org\/es\/wp-json\/wp\/v2\/comments?post=12958"}],"version-history":[{"count":1,"href":"https:\/\/www.conselharan.org\/es\/wp-json\/wp\/v2\/posts\/12958\/revisions"}],"predecessor-version":[{"id":12959,"href":"https:\/\/www.conselharan.org\/es\/wp-json\/wp\/v2\/posts\/12958\/revisions\/12959"}],"wp:featuredmedia":[{"embeddable":true,"href":"https:\/\/www.conselharan.org\/es\/wp-json\/wp\/v2\/media\/12956"}],"wp:attachment":[{"href":"https:\/\/www.conselharan.org\/es\/wp-json\/wp\/v2\/media?parent=12958"}],"wp:term":[{"taxonomy":"category","embeddable":true,"href":"https:\/\/www.conselharan.org\/es\/wp-json\/wp\/v2\/categories?post=12958"},{"taxonomy":"post_tag","embeddable":true,"href":"https:\/\/www.conselharan.org\/es\/wp-json\/wp\/v2\/tags?post=12958"}],"curies":[{"name":"wp","href":"https:\/\/api.w.org\/{rel}","templated":true}]}}