{"id":12979,"date":"2016-07-22T18:23:29","date_gmt":"2016-07-22T16:23:29","guid":{"rendered":"http:\/\/www.conselharan.org\/es\/?p=12979"},"modified":"2016-07-22T18:23:53","modified_gmt":"2016-07-22T16:23:53","slug":"el-conselh-generau-daran-pone-en-marcha-el-plan-piloto-para-la-regulacion-del-acceso-motorizado-en-la-ribera-del-joeu","status":"publish","type":"post","link":"https:\/\/www.conselharan.org\/es\/el-conselh-generau-daran-pone-en-marcha-el-plan-piloto-para-la-regulacion-del-acceso-motorizado-en-la-ribera-del-joeu\/","title":{"rendered":"El Conselh Generau d\u2019Aran pone en marcha el plan piloto para la regulaci\u00f3n del acceso motorizado en la Ribera del Jo\u00e8u"},"content":{"rendered":"<p>Vielha, 22 de julio de 2016.- La prueba piloto para la regulaci\u00f3n del acceso motorizado en la Ribera del Jo\u00e8u, comienza hoy d\u00eda <strong>22 de julio hasta el domingo 11 de septiembre<\/strong> y conllevar\u00e1 que los \u00faltimos 3 km de la pista del Artiga de Lin, sean regulados. Los veh\u00edculos que no dispongan de autorizaci\u00f3n de acceso motorizado, deber\u00e1n estacionar en la zona de estancia situada justo antes de la ermita de la Virgen de la Artiga de Lin.<\/p>\n<p>En este espacio se ha instalado una caseta de informaci\u00f3n para los visitantes, que tambi\u00e9n dispondr\u00e1n de un folleto de informaci\u00f3n complementaria con la descripci\u00f3n de la Artiga de Lin, recomendaciones, contacto de gu\u00edas y rutas. El Conselh Generau d\u2019Aran, ha contratado 3 personas que ser\u00e1n las encargadas de informar y atender a los visitantes.<\/p>\n<p><a href=\"http:\/\/www.conselharan.org\/wp-content\/uploads\/2016\/07\/IMG_1031-1.jpg\"><img loading=\"lazy\" decoding=\"async\" class=\"aligncenter size-large wp-image-12975\" src=\"http:\/\/www.conselharan.org\/wp-content\/uploads\/2016\/07\/IMG_1031-1-1024x813.jpg\" alt=\"IMG_1031\" width=\"1024\" height=\"813\" srcset=\"https:\/\/www.conselharan.org\/wp-content\/uploads\/2016\/07\/IMG_1031-1-1024x813.jpg 1024w, https:\/\/www.conselharan.org\/wp-content\/uploads\/2016\/07\/IMG_1031-1-300x238.jpg 300w, https:\/\/www.conselharan.org\/wp-content\/uploads\/2016\/07\/IMG_1031-1-768x610.jpg 768w\" sizes=\"(max-width: 1024px) 100vw, 1024px\" \/><\/a><\/p>\n<p>El horario de regulaci\u00f3n ser\u00e1 de 9 de la ma\u00f1ana a 18h. Los taxis del pa\u00eds tendr\u00e1n libre acceso a la Artiga de Lin, as\u00ed como el resto de vecinos y vecinas de la Val d&#8217;Aran que paguen el impuesto de circulaci\u00f3n de sus veh\u00edculos a los ayuntamientos de la Val d&#8217;Aran.<\/p>\n<p>En esta prueba piloto, <strong>se habilita un tren que saldr\u00e1 desde la misma zona de estancia con servicio permanente para las personas que lo quieran usar. El precio del servicio ser\u00e1 de 2 euros por viaje en el caso de los adultos y de un euro para ni\u00f1os de edades comprendidas entre los 3 y los 12 a\u00f1os. Para los menores de 3 a\u00f1os el trayecto ser\u00e1<\/strong> gratuito.<\/p>\n<p>El sindic d\u2019Aran, <strong>Carlos Barrera<\/strong>, ha se\u00f1alado que <strong>\u00abel Valle de Aran destaca por ofrecer un amplio abanico de actividades dirigidas al turismo familiar. El certificado Biosphere Destination, que otorga la UNESCO y la Organizaci\u00f3n Mundial de Turismo, que el Valle de Aran ha sido el primer destino de monta\u00f1a en obtener, reconoce el trabajo que se realiza en favor de una gesti\u00f3n responsable y sostenible del turismo, y pruebas piloto como esta contribuyen a preservar espacios \u00fanicos de la Val d&#8217;Aran y a mejorar esta oferta\u201d.<\/strong><\/p>\n<p>Barrera a\u00f1adi\u00f3 que, las conclusiones que se extraigan de la prueba piloto servir\u00e1n para las decisiones a tomar en un futuro. A tal efecto<strong> est\u00e1 previsto que se realicen encuestas a los visitantes de la Artiga de Lin que permitan analizar en profundidad la experiencia <\/strong>implantada y garantizar la preservaci\u00f3n de los valores naturales que hacen de Aran un destino tur\u00edstico de calidad.<\/p>\n<p><a href=\"http:\/\/www.conselharan.org\/wp-content\/uploads\/2016\/07\/IMG_1167.jpg\"><img loading=\"lazy\" decoding=\"async\" class=\"aligncenter size-large wp-image-12972\" src=\"http:\/\/www.conselharan.org\/wp-content\/uploads\/2016\/07\/IMG_1167-1024x759.jpg\" alt=\"IMG_1167\" width=\"1024\" height=\"759\" srcset=\"https:\/\/www.conselharan.org\/wp-content\/uploads\/2016\/07\/IMG_1167-1024x759.jpg 1024w, https:\/\/www.conselharan.org\/wp-content\/uploads\/2016\/07\/IMG_1167-300x223.jpg 300w, https:\/\/www.conselharan.org\/wp-content\/uploads\/2016\/07\/IMG_1167-768x570.jpg 768w\" sizes=\"(max-width: 1024px) 100vw, 1024px\" \/><\/a> <a href=\"http:\/\/www.conselharan.org\/wp-content\/uploads\/2016\/07\/IMG_1099.jpg\"><img loading=\"lazy\" decoding=\"async\" class=\"aligncenter size-large wp-image-12977\" src=\"http:\/\/www.conselharan.org\/wp-content\/uploads\/2016\/07\/IMG_1099-1024x768.jpg\" alt=\"IMG_1099\" width=\"1024\" height=\"768\" srcset=\"https:\/\/www.conselharan.org\/wp-content\/uploads\/2016\/07\/IMG_1099-1024x768.jpg 1024w, https:\/\/www.conselharan.org\/wp-content\/uploads\/2016\/07\/IMG_1099-300x225.jpg 300w, https:\/\/www.conselharan.org\/wp-content\/uploads\/2016\/07\/IMG_1099-768x576.jpg 768w\" sizes=\"(max-width: 1024px) 100vw, 1024px\" \/><\/a><\/p>\n ","protected":false},"excerpt":{"rendered":"<p>Vielha, 22 de julio de 2016.- La prueba piloto para la regulaci\u00f3n del acceso motorizado en la Ribera del Jo\u00e8u, comienza hoy d\u00eda 22 de julio hasta el domingo 11 de septiembre y conllevar\u00e1 que los \u00faltimos 3 km de la pista del Artiga de Lin, sean regulados. Los veh\u00edculos que no dispongan de autorizaci\u00f3n&#8230;<\/p>\n","protected":false},"author":2,"featured_media":12973,"comment_status":"closed","ping_status":"closed","sticky":false,"template":"","format":"standard","meta":{"footnotes":""},"categories":[52,37],"tags":[],"_links":{"self":[{"href":"https:\/\/www.conselharan.org\/es\/wp-json\/wp\/v2\/posts\/12979"}],"collection":[{"href":"https:\/\/www.conselharan.org\/es\/wp-json\/wp\/v2\/posts"}],"about":[{"href":"https:\/\/www.conselharan.org\/es\/wp-json\/wp\/v2\/types\/post"}],"author":[{"embeddable":true,"href":"https:\/\/www.conselharan.org\/es\/wp-json\/wp\/v2\/users\/2"}],"replies":[{"embeddable":true,"href":"https:\/\/www.conselharan.org\/es\/wp-json\/wp\/v2\/comments?post=12979"}],"version-history":[{"count":2,"href":"https:\/\/www.conselharan.org\/es\/wp-json\/wp\/v2\/posts\/12979\/revisions"}],"predecessor-version":[{"id":12981,"href":"https:\/\/www.conselharan.org\/es\/wp-json\/wp\/v2\/posts\/12979\/revisions\/12981"}],"wp:featuredmedia":[{"embeddable":true,"href":"https:\/\/www.conselharan.org\/es\/wp-json\/wp\/v2\/media\/12973"}],"wp:attachment":[{"href":"https:\/\/www.conselharan.org\/es\/wp-json\/wp\/v2\/media?parent=12979"}],"wp:term":[{"taxonomy":"category","embeddable":true,"href":"https:\/\/www.conselharan.org\/es\/wp-json\/wp\/v2\/categories?post=12979"},{"taxonomy":"post_tag","embeddable":true,"href":"https:\/\/www.conselharan.org\/es\/wp-json\/wp\/v2\/tags?post=12979"}],"curies":[{"name":"wp","href":"https:\/\/api.w.org\/{rel}","templated":true}]}}