{"id":13074,"date":"2016-07-26T15:23:22","date_gmt":"2016-07-26T13:23:22","guid":{"rendered":"http:\/\/www.conselharan.org\/es\/?p=13074"},"modified":"2016-07-26T15:23:22","modified_gmt":"2016-07-26T13:23:22","slug":"el-equipo-de-futbol-lleida-esportiu-en-la-val-daran-realizando-el-stage-de-pretemporada","status":"publish","type":"post","link":"https:\/\/www.conselharan.org\/es\/el-equipo-de-futbol-lleida-esportiu-en-la-val-daran-realizando-el-stage-de-pretemporada\/","title":{"rendered":"El equipo de futbol Lleida Esportiu en la Val d&#8217;Aran realizando el stage de pretemporada"},"content":{"rendered":"<p><img loading=\"lazy\" decoding=\"async\" class=\"aligncenter size-large wp-image-13067\" src=\"http:\/\/www.conselharan.org\/wp-content\/uploads\/2016\/07\/DSC_0442-1024x605.jpg\" alt=\"DSC_0442\" width=\"1024\" height=\"605\" srcset=\"https:\/\/www.conselharan.org\/wp-content\/uploads\/2016\/07\/DSC_0442-1024x605.jpg 1024w, https:\/\/www.conselharan.org\/wp-content\/uploads\/2016\/07\/DSC_0442-300x177.jpg 300w, https:\/\/www.conselharan.org\/wp-content\/uploads\/2016\/07\/DSC_0442-768x454.jpg 768w\" sizes=\"(max-width: 1024px) 100vw, 1024px\" \/><\/p>\n<p>&nbsp;<\/p>\n<p>Hoy, el vicesindic de Aran y conselh\u00e8r de Deportes, <strong>Lu\u00eds Carlos Medina<\/strong> , ha recibido al equipo de f\u00fatbol <strong>LLEIDA ESPORTIU<\/strong>, que se encuentra en la Val d\u2019Aran realizando su pretemporada hasta el viernes, d\u00eda 29 de julio.<\/p>\n<p>&nbsp;<\/p>\n<p><img loading=\"lazy\" decoding=\"async\" class=\"aligncenter size-large wp-image-13068\" src=\"http:\/\/www.conselharan.org\/wp-content\/uploads\/2016\/07\/DSC_0478-1024x685.jpg\" alt=\"DSC_0478\" width=\"1024\" height=\"685\" srcset=\"https:\/\/www.conselharan.org\/wp-content\/uploads\/2016\/07\/DSC_0478-1024x685.jpg 1024w, https:\/\/www.conselharan.org\/wp-content\/uploads\/2016\/07\/DSC_0478-300x201.jpg 300w, https:\/\/www.conselharan.org\/wp-content\/uploads\/2016\/07\/DSC_0478-768x514.jpg 768w\" sizes=\"(max-width: 1024px) 100vw, 1024px\" \/><\/p>\n<p>&nbsp;<\/p>\n<p>El pasado domingo, el LLEIDA ESPORTIU disput\u00f3 en el campo de f\u00fatbol del Naut Aran (Gar\u00f2s) el primer partido amistoso de pretemporada contra una selecci\u00f3n de la Val d\u2019Aran (0 &#8211; 4).<\/p>\n<p>&nbsp;<\/p>\n<p><img loading=\"lazy\" decoding=\"async\" class=\"aligncenter size-large wp-image-13069\" src=\"http:\/\/www.conselharan.org\/wp-content\/uploads\/2016\/07\/DSC_0437-1024x685.jpg\" alt=\"DSC_0437\" width=\"1024\" height=\"685\" srcset=\"https:\/\/www.conselharan.org\/wp-content\/uploads\/2016\/07\/DSC_0437-1024x685.jpg 1024w, https:\/\/www.conselharan.org\/wp-content\/uploads\/2016\/07\/DSC_0437-300x201.jpg 300w, https:\/\/www.conselharan.org\/wp-content\/uploads\/2016\/07\/DSC_0437-768x514.jpg 768w\" sizes=\"(max-width: 1024px) 100vw, 1024px\" \/><\/p>\n<p>&nbsp;<\/p>\n<p>El t\u00e9cnico azul,<strong> Gustavo Siviero,<\/strong> ha valorado de <strong>muy positivo el \u201cstage\u201d en la Val d\u2019Aran por las excelentes condiciones de trabajo que ofrece<\/strong>.<\/p>\n<p>&nbsp;<\/p>\n<p>&nbsp;<\/p>\n<p>Vielha, 26 de julio de 2016<\/p>\n<p>&nbsp;<\/p>\n<p><em>Conselh Generau d&#8217;Aran: N\u00faria Sanjuan<\/em><\/p>\n ","protected":false},"excerpt":{"rendered":"<p>&nbsp; Hoy, el vicesindic de Aran y conselh\u00e8r de Deportes, Lu\u00eds Carlos Medina , ha recibido al equipo de f\u00fatbol LLEIDA ESPORTIU, que se encuentra en la Val d\u2019Aran realizando su pretemporada hasta el viernes, d\u00eda 29 de julio. &nbsp; &nbsp; El pasado domingo, el LLEIDA ESPORTIU disput\u00f3 en el campo de f\u00fatbol del Naut&#8230;<\/p>\n","protected":false},"author":2,"featured_media":13067,"comment_status":"closed","ping_status":"closed","sticky":false,"template":"","format":"standard","meta":{"footnotes":""},"categories":[34],"tags":[],"_links":{"self":[{"href":"https:\/\/www.conselharan.org\/es\/wp-json\/wp\/v2\/posts\/13074"}],"collection":[{"href":"https:\/\/www.conselharan.org\/es\/wp-json\/wp\/v2\/posts"}],"about":[{"href":"https:\/\/www.conselharan.org\/es\/wp-json\/wp\/v2\/types\/post"}],"author":[{"embeddable":true,"href":"https:\/\/www.conselharan.org\/es\/wp-json\/wp\/v2\/users\/2"}],"replies":[{"embeddable":true,"href":"https:\/\/www.conselharan.org\/es\/wp-json\/wp\/v2\/comments?post=13074"}],"version-history":[{"count":1,"href":"https:\/\/www.conselharan.org\/es\/wp-json\/wp\/v2\/posts\/13074\/revisions"}],"predecessor-version":[{"id":13075,"href":"https:\/\/www.conselharan.org\/es\/wp-json\/wp\/v2\/posts\/13074\/revisions\/13075"}],"wp:featuredmedia":[{"embeddable":true,"href":"https:\/\/www.conselharan.org\/es\/wp-json\/wp\/v2\/media\/13067"}],"wp:attachment":[{"href":"https:\/\/www.conselharan.org\/es\/wp-json\/wp\/v2\/media?parent=13074"}],"wp:term":[{"taxonomy":"category","embeddable":true,"href":"https:\/\/www.conselharan.org\/es\/wp-json\/wp\/v2\/categories?post=13074"},{"taxonomy":"post_tag","embeddable":true,"href":"https:\/\/www.conselharan.org\/es\/wp-json\/wp\/v2\/tags?post=13074"}],"curies":[{"name":"wp","href":"https:\/\/api.w.org\/{rel}","templated":true}]}}