{"id":13261,"date":"2016-07-29T14:47:42","date_gmt":"2016-07-29T12:47:42","guid":{"rendered":"http:\/\/www.conselharan.org\/es\/avis-de-situacio-de-risc-per-calor\/"},"modified":"2016-07-29T14:48:55","modified_gmt":"2016-07-29T12:48:55","slug":"avis-de-situacio-de-risc-per-calor","status":"publish","type":"post","link":"https:\/\/www.conselharan.org\/es\/avis-de-situacio-de-risc-per-calor\/","title":{"rendered":"AVISO DE SITUACI\u00d3N DE RIESGO POR CALOR"},"content":{"rendered":"<p><strong>Es comunica que es mant\u00e9 l&#8217;av\u00eds de risc per calor, en base a les previsions meteorol\u00f2giques emeses pel Servei Meteorol\u00f2gic de Catalunya.<\/strong><\/p>\n<p>&nbsp;<\/p>\n<p><img loading=\"lazy\" decoding=\"async\" class=\"aligncenter size-full wp-image-13255\" src=\"http:\/\/www.conselharan.org\/wp-content\/uploads\/2016\/07\/Diapositiva1-1.jpg\" alt=\"Diapositiva1\" width=\"609\" height=\"658\" srcset=\"https:\/\/www.conselharan.org\/wp-content\/uploads\/2016\/07\/Diapositiva1-1.jpg 609w, https:\/\/www.conselharan.org\/wp-content\/uploads\/2016\/07\/Diapositiva1-1-278x300.jpg 278w\" sizes=\"(max-width: 609px) 100vw, 609px\" \/><\/p>\n<p>&nbsp;<\/p>\n<p>El llindar establert pel Servei Meteorol\u00f2gic de Catalunya es correspon amb la superaci\u00f3 de la temperatura m\u00e0xima di\u00e0ria de cada municipi establerta pel percentil 98.<\/p>\n<p>El percentil 98 \u00e9s el valor estad\u00edstic que indica que nom\u00e9s el 2% de dies dels mesos d\u2019estiu, la temperatura m\u00e0xima ha estat superior a aquest valor. Aquest percentil, pren un valor diferent a cada municipi en funci\u00f3 de les temperatures m\u00e0ximes que s\u2019hi assoleixen.<\/p>\n<p>El Servei Meteorol\u00f2gic de Catalunya informa que es pondran registrar temperatures m\u00e0ximes extremes, dem\u00e0 dissabte a la meitat nord de Catalunya.<\/p>\n<p>&nbsp;<\/p>\n<p><img loading=\"lazy\" decoding=\"async\" class=\"aligncenter size-full wp-image-13256\" src=\"http:\/\/www.conselharan.org\/wp-content\/uploads\/2016\/07\/Diapositiva1-2.jpg\" alt=\"Diapositiva1\" width=\"589\" height=\"638\" srcset=\"https:\/\/www.conselharan.org\/wp-content\/uploads\/2016\/07\/Diapositiva1-2.jpg 589w, https:\/\/www.conselharan.org\/wp-content\/uploads\/2016\/07\/Diapositiva1-2-277x300.jpg 277w\" sizes=\"(max-width: 589px) 100vw, 589px\" \/><\/p>\n<p>&nbsp;<\/p>\n<p>Per diumenge es preveu l\u2019entrada de vent de Ponent, amb afectaci\u00f3 a tot Catalunya menys les comarques dels Pirineus, quadrant nord-est i litoral central. La distribuci\u00f3 geogr\u00e0fica del fenomen ser\u00e0 general dins la zona avisada.<\/p>\n<p>La situaci\u00f3 de risc contemplada en aquest comunicat es donar\u00e0 per finalitzada, sense necessitat d\u2019una comunicaci\u00f3 de tancament per part del CECAT, un cop acabi el per\u00edode meteorol\u00f2gic especificat; sempre i quan no s\u2019actualitzi la informaci\u00f3 amb una nova comunicaci\u00f3.<\/p>\n<p>Cal recordar que l&#8217;av\u00eds no comporta l&#8217;activaci\u00f3 de cap pla d&#8217;emerg\u00e8ncia.<\/p>\n<p>&nbsp;<\/p>\n<p><strong>Recomanacions generals per calor<\/strong><\/p>\n<p>\u2022 Tingueu previstos llocs frescos o sales amb aire condicionat en cas que sigui<br \/>\nnecessari el seu \u00fas.<\/p>\n<p>\u2022 Identifiqueu les persones m\u00e9s vulnerables i els grups de risc:<\/p>\n<p>&#8211; Majors de 75 anys, sense suport familiar o sense recursos.<br \/>\n&#8211; Persones amb discapacitats f\u00edsiques o ps\u00edquiques i limitacions de mobilitat o<br \/>\nautocura.<br \/>\n&#8211; Persones que realitzen un activitat f\u00edsica intensa.<br \/>\n&#8211; Persones que hagin de romandre o fer activitat f\u00edsica a l&#8217;aire lliure (incloses<br \/>\nles activitats laborals).<br \/>\n&#8211; Persones amb hipertensi\u00f3 arterial, diabetis, malalties cardiovasculars,<br \/>\nmalalties respirat\u00f2ries (MPOC, bronquitis), malalties renals, malaltia de Parkinson, malaltia d&#8217;Alzheimer, obesitat o altres de cr\u00f2niques o persones que prenen medicaments especials.<\/p>\n<p>\u2022 Recomaneu als ciutadans que tinguin cura dels familiars i ve\u00efns majors de 75 anys que viuen sols.<\/p>\n<p>\u2022 Activeu el Pla d\u2019Actuaci\u00f3 Municipal en cas necessari.<\/p>\n<p>&nbsp;<\/p>\n<p><strong>Enlla\u00e7 als consells del Departament de Salut:<\/strong><br \/>\n<a href=\"http:\/\/canalsalut.gencat.cat\/ca\/home_ciutadania\/vida_saludable\/consells_per_l_estiu\/la_calor\/index.html\" target=\"_blank\">http:\/\/canalsalut.gencat.cat\/ca\/home_ciutadania\/vida_saludable\/consells_per_l_estiu\/la_calor\/index.html<\/a><\/p>\n<p>&nbsp;<\/p>\n<p><strong>PER M\u00c9S INFORMACI\u00d3<\/strong><\/p>\n<p>&#8211; Predicci\u00f3 i SMP: <a href=\"http:\/\/www.meteo.cat\/prediccio\/general\" target=\"_blank\">http:\/\/www.meteo.cat\/prediccio\/general<\/a><\/p>\n<p>&#8211; Predicci\u00f3 municipal: <a href=\"http:\/\/www.meteo.cat\/prediccio\/municipal\" target=\"_blank\">http:\/\/www.meteo.cat\/prediccio\/municipal<\/a><\/p>\n<p>&#8211; Consells d\u2019autoprotecci\u00f3 per a la poblaci\u00f3: <a href=\"http:\/\/interior.gencat.cat\/onadacalor\" target=\"_blank\">http:\/\/interior.gencat.cat\/onadacalor<\/a><\/p>\n<p>&nbsp;<\/p>\n<p>&nbsp;<\/p>\n<p>&nbsp;<\/p>\n<p>Vielha, 29 de juliol de 2016<\/p>\n<p>&nbsp;<\/p>\n<p><em>Conselh Generau d&#8217;Aran: N\u00faria Sanjuan<\/em><\/p>\n<p><em>Font:\u00a0CECAT-Centre de Coordinaci\u00f3 operativa de Catalunya<\/em><\/p>\n ","protected":false},"excerpt":{"rendered":"<p>Es comunica que es mant\u00e9 l&#8217;av\u00eds de risc per calor, en base a les previsions meteorol\u00f2giques emeses pel Servei Meteorol\u00f2gic de Catalunya. &nbsp; &nbsp; El llindar establert pel Servei Meteorol\u00f2gic de Catalunya es correspon amb la superaci\u00f3 de la temperatura m\u00e0xima di\u00e0ria de cada municipi establerta pel percentil 98. El percentil 98 \u00e9s el valor&#8230;<\/p>\n","protected":false},"author":2,"featured_media":13257,"comment_status":"closed","ping_status":"closed","sticky":false,"template":"","format":"standard","meta":{"footnotes":""},"categories":[34],"tags":[],"_links":{"self":[{"href":"https:\/\/www.conselharan.org\/es\/wp-json\/wp\/v2\/posts\/13261"}],"collection":[{"href":"https:\/\/www.conselharan.org\/es\/wp-json\/wp\/v2\/posts"}],"about":[{"href":"https:\/\/www.conselharan.org\/es\/wp-json\/wp\/v2\/types\/post"}],"author":[{"embeddable":true,"href":"https:\/\/www.conselharan.org\/es\/wp-json\/wp\/v2\/users\/2"}],"replies":[{"embeddable":true,"href":"https:\/\/www.conselharan.org\/es\/wp-json\/wp\/v2\/comments?post=13261"}],"version-history":[{"count":1,"href":"https:\/\/www.conselharan.org\/es\/wp-json\/wp\/v2\/posts\/13261\/revisions"}],"predecessor-version":[{"id":13262,"href":"https:\/\/www.conselharan.org\/es\/wp-json\/wp\/v2\/posts\/13261\/revisions\/13262"}],"wp:featuredmedia":[{"embeddable":true,"href":"https:\/\/www.conselharan.org\/es\/wp-json\/wp\/v2\/media\/13257"}],"wp:attachment":[{"href":"https:\/\/www.conselharan.org\/es\/wp-json\/wp\/v2\/media?parent=13261"}],"wp:term":[{"taxonomy":"category","embeddable":true,"href":"https:\/\/www.conselharan.org\/es\/wp-json\/wp\/v2\/categories?post=13261"},{"taxonomy":"post_tag","embeddable":true,"href":"https:\/\/www.conselharan.org\/es\/wp-json\/wp\/v2\/tags?post=13261"}],"curies":[{"name":"wp","href":"https:\/\/api.w.org\/{rel}","templated":true}]}}