{"id":13277,"date":"2016-08-01T08:00:48","date_gmt":"2016-08-01T06:00:48","guid":{"rendered":"http:\/\/www.conselharan.org\/es\/?p=13277"},"modified":"2016-08-05T21:12:08","modified_gmt":"2016-08-05T19:12:08","slug":"nuria-graham-clara-peya-esther-condal-las-monacas-i-brigitte-laverne-entre-les-artistes-destacades-de-la-3a-edicio-de-hemnes-festival","status":"publish","type":"post","link":"https:\/\/www.conselharan.org\/es\/nuria-graham-clara-peya-esther-condal-las-monacas-i-brigitte-laverne-entre-les-artistes-destacades-de-la-3a-edicio-de-hemnes-festival\/","title":{"rendered":"N\u00faria Graham, Clara Peya, Esther Condal, Las Monacas i Brigitte Laverne, entre les artistes destacades de la 3a edici\u00f3 de HEMNES FESTIVAL"},"content":{"rendered":"<p><strong>El festival tindr\u00e0 lloc el 4 i 5 d\u2019agost i comptar\u00e0 amb 16 propostes gratu\u00eftes de m\u00fasica i dansa, entre d\u2019altres disciplines, a Montgarri, Salard\u00fa i Baqueira.<\/strong><\/p>\n<p><strong>Durant dos dies, les dones creadores prenen tot el protagonisme a la Val d\u2019Aran.<\/strong><\/p>\n<p><img loading=\"lazy\" decoding=\"async\" class=\"aligncenter size-large wp-image-13270\" src=\"http:\/\/www.conselharan.org\/wp-content\/uploads\/2016\/07\/Cartell-HEMNES-2016-1024x725.jpg\" alt=\"Cartell HEMNES 2016\" width=\"1024\" height=\"725\" srcset=\"https:\/\/www.conselharan.org\/wp-content\/uploads\/2016\/07\/Cartell-HEMNES-2016-1024x725.jpg 1024w, https:\/\/www.conselharan.org\/wp-content\/uploads\/2016\/07\/Cartell-HEMNES-2016-300x212.jpg 300w, https:\/\/www.conselharan.org\/wp-content\/uploads\/2016\/07\/Cartell-HEMNES-2016-768x544.jpg 768w\" sizes=\"(max-width: 1024px) 100vw, 1024px\" \/><\/p>\n<p>&nbsp;<\/p>\n<p><strong>Hemnes, Festival de dones creadores al Pirineu<\/strong>, presenta la programaci\u00f3 de la seva tercera edici\u00f3, que tindr\u00e0 lloc el 4 i 5 d\u2019agost en tres espais de la Val d\u2019Aran: Montgarri, Salard\u00fa i Baqueira. Durant dos dies, es duran a terme 16 propostes gratu\u00eftes a l\u2019aire lliure de m\u00fasica, dansa i altres disciplines art\u00edstiques, amb noms com <strong>N\u00faria Graham, Clara Peya, Esther Condal, The Crab Apples, Brigitte Laverne <\/strong>i<strong> Las Monacas<\/strong>, entre d\u2019altres.<\/p>\n<p>Coincidint amb la Festa Major de Baqueira, Hemnes Festival proposa un festival eminentment femen\u00ed, amb propostes per a tots els p\u00fablics en escenaris a l\u2019aire lliure i id\u00edl\u2022lics de la Val d\u2019Aran. Entre els espais que acolliran les propostes cal destacar el Santuari de Montgarri, la pla\u00e7a F\u00f2rum de Baqueira i el pati rom\u00e0nic de l\u2019esgl\u00e9sia de Salard\u00fa (que data dels segles XII i XIII). Un esdeveniment que aposta per portar al Pirineu artistes joves que destaquen en el seu \u00e0mbit, propostes emergents, di\u00e0legs entre m\u00fasica i dansa d\u2019artistes contemporanis i, tamb\u00e9, per esdevenir referent en la creaci\u00f3 de nous espais escenogr\u00e0fics en la mateixa natura. M\u00fasica (passant per la can\u00e7\u00f3 d\u2019autor, el jazz, l\u2019electr\u00f2nica o el pop), dansa, teatre o xerrades sobre salut i natura, s\u00f3n algunes de les activitats que ha programat el festival, que enguany fa un pas m\u00e9s per obrir-se a nous p\u00fablics i consolidar-se com un esdeveniment de refer\u00e8ncia a la Val d\u2019Aran.<\/p>\n<p>&nbsp;<\/p>\n<p><img loading=\"lazy\" decoding=\"async\" class=\"aligncenter size-large wp-image-13273\" src=\"http:\/\/www.conselharan.org\/wp-content\/uploads\/2016\/07\/Clara-Peya-1024x683.jpg\" alt=\"Clara Peya\" width=\"1024\" height=\"683\" srcset=\"https:\/\/www.conselharan.org\/wp-content\/uploads\/2016\/07\/Clara-Peya-1024x683.jpg 1024w, https:\/\/www.conselharan.org\/wp-content\/uploads\/2016\/07\/Clara-Peya-300x200.jpg 300w, https:\/\/www.conselharan.org\/wp-content\/uploads\/2016\/07\/Clara-Peya-768x512.jpg 768w\" sizes=\"(max-width: 1024px) 100vw, 1024px\" \/><\/p>\n<p><em>\u00a0 \u00a0 \u00a0 \u00a0 \u00a0 \u00a0 Clara Peya<\/em><\/p>\n<p>&nbsp;<\/p>\n<p>Pel que fa a la programaci\u00f3, el festival comen\u00e7ar\u00e0 el<em><strong> dijous 4 d\u2019agost<\/strong>,<\/em> amb una petita caminada a c\u00e0rrec de la bi\u00f2loga i divulgadora <strong>Sara Arj\u00f3<\/strong> que mostrar\u00e0 la gran riquesa patrimonial i natural de la Val d\u2019Aran a l\u2019activitat Les plantes de muntanya. Mirar, tocar, olorar i sentir llegendes i hist\u00f2ries de la gent del territori\u00a0seran algunes de les propostes d\u2019aquesta activitat que es dur\u00e0 a terme a Montgarri (10:30 h). A continuaci\u00f3, al mateix espai (12 h), arribaran des de Barcelona <strong>Les Impuxibles<\/strong>. Bevent de fonts diverses (dansa, m\u00fasica, teatre, performance\u2026), la pianista <strong>Clara Peya<\/strong> i la seva germana core\u00f2grafa <strong>Ariadna<\/strong>\u00a0presentaran <em>Luzula<\/em>, una pe\u00e7a de dansa i m\u00fasica de gran expressivitat i bellesa. A la tarda, el festival continuar\u00e0 al pati rom\u00e0nic de l\u2019esgl\u00e9sia de Salard\u00fa, amb la doctora i oste\u00f2pata <strong>Carme Mombiedro<\/strong>, que oferir\u00e0 la xerrada <em>Escoltem el nostre cos<\/em>. El repte de la medicina, amb la qual els assistents podran adquirir mecanismes per gestionar les emocions profundes (17 h, sala annexa polivalent).<\/p>\n<p>Una hora m\u00e9s tard, des de Pau (Fran\u00e7a) arribar\u00e0 la formaci\u00f3 <strong>Las Monacas<\/strong>, dedicada als cants polif\u00f2nics gascons. De la m\u00e0 d\u2019Audrey, Lucia i Sonia es podran con\u00e8ixer les can\u00e7ons que s\u2019han cantat i que es canten encara a les tavernes de la regi\u00f3 de Bearn (18 h). Seguidament, <strong>Carmela Rodr\u00edguez <\/strong>i<strong> Carmen Bonifaci<\/strong>, dues de les dissenyadores i mestres artesanes que treballen actualment al territori i que es dediquen a impulsar la revaloritzaci\u00f3 de la llana aranesa, oferiran una desfilada amb les seves creacions (19:15 h). En acabar, ser\u00e0 el torn de la barcelonina<strong> Clara Peya<\/strong>. Pianista i compositora d\u2019una expressivitat sense l\u00edmits, \u00e9s capa\u00e7 de convertir un concert de piano en una aut\u00e8ntica performance. El seu darrer treball s\u2019anomena <em>Mimulus<\/em> (Temps Record, 2015), que presentar\u00e0 amb la col\u2022laboraci\u00f3 de la ballarina<strong> Ariadna Peya<\/strong> (19:30h). Tamb\u00e9 des de Barcelona arribar\u00e0 <strong>Esther Condal<\/strong>, considerada una de les grans veus del jazz catal\u00e0. Presentar\u00e0 les can\u00e7ons del seu darrer disc <em>Bird<\/em> (22:30 h) Tancar\u00e0 la nit i la primera jornada del festival l\u2019artista multidisciplin\u00e0ria<strong> Bel,<\/strong> que mescla estils com el pop andal\u00fas, el swing, el flamenc i la percussi\u00f3 corporal. Despr\u00e9s del seu pas per la companyia Mayumana, presenta el disc Pasatos de Jijala (Mapa Musical, 2014), un homenatge a les seves primeres sabates de gitana, enregistrat a l\u2019estudi privat de Joaqu\u00edn Sabina (00 h).<\/p>\n<p>&nbsp;<\/p>\n<p><img loading=\"lazy\" decoding=\"async\" class=\"aligncenter size-large wp-image-13272\" src=\"http:\/\/www.conselharan.org\/wp-content\/uploads\/2016\/07\/Nu\u0301ria-Graham-666x1024.jpg\" alt=\"Nu\u0301ria Graham\" width=\"666\" height=\"1024\" srcset=\"https:\/\/www.conselharan.org\/wp-content\/uploads\/2016\/07\/Nu\u0301ria-Graham-666x1024.jpg 666w, https:\/\/www.conselharan.org\/wp-content\/uploads\/2016\/07\/Nu\u0301ria-Graham-195x300.jpg 195w, https:\/\/www.conselharan.org\/wp-content\/uploads\/2016\/07\/Nu\u0301ria-Graham-768x1180.jpg 768w, https:\/\/www.conselharan.org\/wp-content\/uploads\/2016\/07\/Nu\u0301ria-Graham.jpg 1629w\" sizes=\"(max-width: 666px) 100vw, 666px\" \/><\/p>\n<p><em> N\u00faria Graham<\/em><\/p>\n<p>&nbsp;<\/p>\n<p>El <em><strong>divendres 5 d\u2019agost<\/strong><\/em>, comen\u00e7ar\u00e0 a Baqueira amb el taller de Mudes de la ballarina i terapeuta <strong>Anna Rubio<\/strong>, especialista en dansa en la natura. Una proposta per aprendre a escoltar, i a construir una acci\u00f3 en moviment o dansada amb acompanyament musical (10 h). A la tarda, l\u2019antrop\u00f2loga <strong>Nora Munta\u00f1ola<\/strong> presentar\u00e0 <em>Veus de dones<\/em>: testimonis que construeixen nous camins, una xerrada per rec\u00f3rrer noves vies sobre cooperaci\u00f3 i exili (17 h, Hotel Montarto). Seguidament, arribar\u00e0 la cantautora i pianista sabadellenca <strong>Lu Rois<\/strong>, que des que va debutar amb Cam\u00ed del Far (autoeditat, 2015), ja s\u2019ha fet un nom a l\u2019escena musical del pa\u00eds. Presentar\u00e0 el seu nou treball, <em>Cau de Lluna<\/em> (autoeditat, 2016), un conjunt de can\u00e7ons plenes de for\u00e7a, vitalitat i coratge, sense deixar de banda la seva dol\u00e7or i sensibilitat (18 h).\u00a0Durant el concert de Lu Rois, la ballarina i improvisadora francesa Claudia Flammin crear\u00e0 danses al moment a partir d\u2019elements del seu entorn immediat (paisatge, m\u00fasica, sensacions&#8230;). Una posada en escena que far\u00e0 de cada segon, \u00fanic i diferent, sense directius preestablertes (18 h).<\/p>\n<p>A continuaci\u00f3, ser\u00e0 el torn de espectacle de \u201ccabaret pag\u00e8s\u201d <strong>L\u2019Esperanceta per un dia<\/strong>, amb el qual els assistents coneixeran una dona de grotesca delicadesa que els enamorar\u00e0 amb les seves viv\u00e8ncies (19:15 h). M\u00e9s tard, el protagonisme ser\u00e0 per la vigatana <strong>N\u00faria Graham<\/strong>, que des que va presentar la seva primera gravaci\u00f3, ha confirmat un talent preco\u00e7 i singular per compondre i cantar pop-rock de perfil cl\u00e0ssic. Ara presenta les can\u00e7ons del seu darrer disc, <em>Bird Eyes<\/em> (El Segell del Primavera, 2015) en qu\u00e8 la seva veu vellutada s\u2019endinsa en mapes s\u00f2nics moderns, inesperats, que embolcallen les can\u00e7ons amb rotunditat (19:30 h). El festival continuar\u00e0 amb la proposta de<strong> The Crab Apples<\/strong>, que despr\u00e9s de passar per concursos com el Sona 9, d\u2019obtenir sis nominacions als premis Enderrock de votaci\u00f3 popular, i de presentar el seu disc de debut, <em>Right here<\/em> (Discmedi, 2015), arriba amb l\u2019EP i fanzine Hello Stranger\u00a0(Discmedi, 2016). Una col\u2022lecci\u00f3 de can\u00e7ons a mig cam\u00ed entre el rock i la m\u00fasica m\u00e9s atmosf\u00e8rica, amb bases contundents i melodies pop al servei d\u2019unes lletres cr\u00edtiques amb la societat actual (22:30 h). Tancar\u00e0 la nit i el festival <strong>Brigitte Laverne<\/strong>, una artista barcelonina que s\u2019ha situat com una de les noves promeses de la m\u00fasica electr\u00f2nica amb el synthpop alternatiu com a carta de presentaci\u00f3. Amb nom\u00e9s un EP publicat, Brigitte Laverne (Foehn Records, 2015), a principis d\u2019any va formar part del S\u00f3nar de Reykjav\u00edk i fa dos anys va ser l\u2019\u00fanica artista de l\u2019Estat espanyol escollida per participar en la Red Bull Music Academy a T\u00f2quio (00 h).<\/p>\n<p>Hemnes Festival, organitzat per Gatalheues de Lum i amb el suport de l\u2019Ajuntament de Naut Aran, el Conselh Generau d\u2019Aran i Val d\u2019Aran, Era ess\u00e9ncia des Pirin\u00e8us, va n\u00e9ixer fa tres anys amb l\u2019objectiu de mostrar propostes femenines en petit format i esdevenir un esdeveniment art\u00edstic de refer\u00e8ncia al Pirineu aran\u00e8s. Per al festival ja hi han passat artistes catalanes i occitanes com Meritxell Gen\u00e9, Ya\u00edma Orozco, Carola Ortiz, i Marilis Orionaa, entre moltes d\u2019altres.<\/p>\n<p>&nbsp;<\/p>\n<p><strong>M\u00e9s informaci\u00f3:<\/strong><\/p>\n<p><a href=\"http:\/\/www.conselharan.org\/wp-content\/uploads\/2016\/07\/Dossier-de-premsa-Hemnes-Festival.pdf\">Dossier de premsa Hemnes Festival<\/a><\/p>\n<p>Alda Rodr\u00edguez | Alter Sinergies<br \/>\n<a href=\"http:\/\/www.hemnesfestival.com\" target=\"_blank\">www.hemnesfestival.com<\/a> | <a href=\"mailto:comunicacio@altersinergies.com\" target=\"_blank\">comunicacio@altersinergies.com<\/a><\/p>\n<p>&nbsp;<\/p>\n<p>Vielha, 1 d&#8217;agost de 2016<\/p>\n<p>&nbsp;<\/p>\n<p><em>Conselh Generau d&#8217;Aran: N\u00faria Sanjuan<\/em><\/p>\n ","protected":false},"excerpt":{"rendered":"<p>El festival tindr\u00e0 lloc el 4 i 5 d\u2019agost i comptar\u00e0 amb 16 propostes gratu\u00eftes de m\u00fasica i dansa, entre d\u2019altres disciplines, a Montgarri, Salard\u00fa i Baqueira. Durant dos dies, les dones creadores prenen tot el protagonisme a la Val d\u2019Aran. &nbsp; Hemnes, Festival de dones creadores al Pirineu, presenta la programaci\u00f3 de la seva&#8230;<\/p>\n","protected":false},"author":2,"featured_media":13270,"comment_status":"closed","ping_status":"closed","sticky":false,"template":"","format":"standard","meta":{"footnotes":""},"categories":[34],"tags":[],"_links":{"self":[{"href":"https:\/\/www.conselharan.org\/es\/wp-json\/wp\/v2\/posts\/13277"}],"collection":[{"href":"https:\/\/www.conselharan.org\/es\/wp-json\/wp\/v2\/posts"}],"about":[{"href":"https:\/\/www.conselharan.org\/es\/wp-json\/wp\/v2\/types\/post"}],"author":[{"embeddable":true,"href":"https:\/\/www.conselharan.org\/es\/wp-json\/wp\/v2\/users\/2"}],"replies":[{"embeddable":true,"href":"https:\/\/www.conselharan.org\/es\/wp-json\/wp\/v2\/comments?post=13277"}],"version-history":[{"count":1,"href":"https:\/\/www.conselharan.org\/es\/wp-json\/wp\/v2\/posts\/13277\/revisions"}],"predecessor-version":[{"id":13278,"href":"https:\/\/www.conselharan.org\/es\/wp-json\/wp\/v2\/posts\/13277\/revisions\/13278"}],"wp:featuredmedia":[{"embeddable":true,"href":"https:\/\/www.conselharan.org\/es\/wp-json\/wp\/v2\/media\/13270"}],"wp:attachment":[{"href":"https:\/\/www.conselharan.org\/es\/wp-json\/wp\/v2\/media?parent=13277"}],"wp:term":[{"taxonomy":"category","embeddable":true,"href":"https:\/\/www.conselharan.org\/es\/wp-json\/wp\/v2\/categories?post=13277"},{"taxonomy":"post_tag","embeddable":true,"href":"https:\/\/www.conselharan.org\/es\/wp-json\/wp\/v2\/tags?post=13277"}],"curies":[{"name":"wp","href":"https:\/\/api.w.org\/{rel}","templated":true}]}}