{"id":13322,"date":"2016-08-05T18:21:35","date_gmt":"2016-08-05T16:21:35","guid":{"rendered":"http:\/\/www.conselharan.org\/es\/?p=13322"},"modified":"2016-08-05T18:21:35","modified_gmt":"2016-08-05T16:21:35","slug":"senalizacion-de-los-itinerarios-de-la-parte-alta-de-la-ruta-al-pico-del-montlude","status":"publish","type":"post","link":"https:\/\/www.conselharan.org\/es\/senalizacion-de-los-itinerarios-de-la-parte-alta-de-la-ruta-al-pico-del-montlude\/","title":{"rendered":"Se\u00f1alizaci\u00f3n de los itinerarios de la parte alta de la ruta al Pico del Montlude"},"content":{"rendered":"<p>Vielha, 5 de agosto de 2016.- El Conselh Generau d\u2019Aran ha continuado esta semana con los trabajos de se\u00f1alizaci\u00f3n de los itinerarios del proyecto de la ruta del Pico del Montlude. En esta ocasi\u00f3n los trabajos han consistido en la se\u00f1alizaci\u00f3n de tres itinerarios de la parte alta de la ruta, en los que junto con el personal del Conselh Generau d\u2019Aran han participado seis voluntarios.<\/p>\n<p>Los trabajos que contaron con el apoyo de helic\u00f3ptero para el transporte de los materiales, consistieron en la colocaci\u00f3n de 150 estacas y un poste vertical de se\u00f1alizaci\u00f3n direccional.<\/p>\n<p>Los tres tramos se\u00f1alizados son:<\/p>\n<p>-Montlude &#8211; Tuc des Neres &#8211; Eth Cau de Nau.<\/p>\n<p>-Montlude &#8211; Barracomica &#8211; Estanh de Lauj\u00f2.<\/p>\n<p>-Montlude &#8211; Uish\u00e8ra.<\/p>\n<p>El consejero de Territorio, <strong>Jos\u00e9 Antonio Boya<\/strong>, puso de manifiesto que <strong>\u00abla propuesta de potenciar el Montlude por parte del Conselh Generau d\u2019Aran como un referente de alta monta\u00f1a para los ter\u00e7ons de Irissa y Quate L\u00f2cs es por sus valores naturales y tambi\u00e9n porque es accesible desde Canejan, Les, Boss\u00f2st, Arres y Vilam\u00f2s, ya que la panor\u00e1mica que se divisa desde el Pico del Montlude es espectacular y de una gran belleza\u201d.<\/strong><\/p>\n<p><a href=\"http:\/\/www.conselharan.org\/wp-content\/uploads\/2016\/08\/Montlude-3-helicopter.jpg\"><img loading=\"lazy\" decoding=\"async\" class=\"aligncenter size-full wp-image-13318\" src=\"http:\/\/www.conselharan.org\/wp-content\/uploads\/2016\/08\/Montlude-3-helicopter.jpg\" alt=\"Montlude 3 helicopter\" width=\"800\" height=\"600\" srcset=\"https:\/\/www.conselharan.org\/wp-content\/uploads\/2016\/08\/Montlude-3-helicopter.jpg 800w, https:\/\/www.conselharan.org\/wp-content\/uploads\/2016\/08\/Montlude-3-helicopter-300x225.jpg 300w, https:\/\/www.conselharan.org\/wp-content\/uploads\/2016\/08\/Montlude-3-helicopter-768x576.jpg 768w\" sizes=\"(max-width: 800px) 100vw, 800px\" \/><\/a><\/p>\n<p>&nbsp;<\/p>\n<p><a href=\"http:\/\/www.conselharan.org\/wp-content\/uploads\/2016\/08\/Montlude-2-helicopter.jpg\"><img loading=\"lazy\" decoding=\"async\" class=\"aligncenter size-full wp-image-13319\" src=\"http:\/\/www.conselharan.org\/wp-content\/uploads\/2016\/08\/Montlude-2-helicopter.jpg\" alt=\"Montlude 2 helicopter\" width=\"800\" height=\"600\" srcset=\"https:\/\/www.conselharan.org\/wp-content\/uploads\/2016\/08\/Montlude-2-helicopter.jpg 800w, https:\/\/www.conselharan.org\/wp-content\/uploads\/2016\/08\/Montlude-2-helicopter-300x225.jpg 300w, https:\/\/www.conselharan.org\/wp-content\/uploads\/2016\/08\/Montlude-2-helicopter-768x576.jpg 768w\" sizes=\"(max-width: 800px) 100vw, 800px\" \/><\/a><\/p>\n ","protected":false},"excerpt":{"rendered":"<p>Vielha, 5 de agosto de 2016.- El Conselh Generau d\u2019Aran ha continuado esta semana con los trabajos de se\u00f1alizaci\u00f3n de los itinerarios del proyecto de la ruta del Pico del Montlude. En esta ocasi\u00f3n los trabajos han consistido en la se\u00f1alizaci\u00f3n de tres itinerarios de la parte alta de la ruta, en los que junto&#8230;<\/p>\n","protected":false},"author":2,"featured_media":13317,"comment_status":"closed","ping_status":"closed","sticky":false,"template":"","format":"standard","meta":{"footnotes":""},"categories":[37],"tags":[],"_links":{"self":[{"href":"https:\/\/www.conselharan.org\/es\/wp-json\/wp\/v2\/posts\/13322"}],"collection":[{"href":"https:\/\/www.conselharan.org\/es\/wp-json\/wp\/v2\/posts"}],"about":[{"href":"https:\/\/www.conselharan.org\/es\/wp-json\/wp\/v2\/types\/post"}],"author":[{"embeddable":true,"href":"https:\/\/www.conselharan.org\/es\/wp-json\/wp\/v2\/users\/2"}],"replies":[{"embeddable":true,"href":"https:\/\/www.conselharan.org\/es\/wp-json\/wp\/v2\/comments?post=13322"}],"version-history":[{"count":1,"href":"https:\/\/www.conselharan.org\/es\/wp-json\/wp\/v2\/posts\/13322\/revisions"}],"predecessor-version":[{"id":13323,"href":"https:\/\/www.conselharan.org\/es\/wp-json\/wp\/v2\/posts\/13322\/revisions\/13323"}],"wp:featuredmedia":[{"embeddable":true,"href":"https:\/\/www.conselharan.org\/es\/wp-json\/wp\/v2\/media\/13317"}],"wp:attachment":[{"href":"https:\/\/www.conselharan.org\/es\/wp-json\/wp\/v2\/media?parent=13322"}],"wp:term":[{"taxonomy":"category","embeddable":true,"href":"https:\/\/www.conselharan.org\/es\/wp-json\/wp\/v2\/categories?post=13322"},{"taxonomy":"post_tag","embeddable":true,"href":"https:\/\/www.conselharan.org\/es\/wp-json\/wp\/v2\/tags?post=13322"}],"curies":[{"name":"wp","href":"https:\/\/api.w.org\/{rel}","templated":true}]}}