{"id":13332,"date":"2016-08-05T18:44:40","date_gmt":"2016-08-05T16:44:40","guid":{"rendered":"http:\/\/www.conselharan.org\/es\/?p=13332"},"modified":"2016-08-05T18:44:40","modified_gmt":"2016-08-05T16:44:40","slug":"el-conselh-generau-daran-abre-el-plazo-de-solicitud-de-las-ayudas-a-los-jovenes-deportistas-araneses","status":"publish","type":"post","link":"https:\/\/www.conselharan.org\/es\/el-conselh-generau-daran-abre-el-plazo-de-solicitud-de-las-ayudas-a-los-jovenes-deportistas-araneses\/","title":{"rendered":"El Conselh Generau d\u2019Aran abre el plazo de solicitud de las ayudas a los j\u00f3venes deportistas araneses"},"content":{"rendered":"<p>Vielha, 5 de agosto de 2016.- El <strong>Conselh Generau<\/strong> <strong>d\u2019Aran<\/strong> ha abierto esta semana el periodo para solicitar las ayudas y subvenciones econ\u00f3micas para la temporada 2016\/2017 a los j\u00f3venes deportistas araneses. El objetivo de estas ayudas, es motivar la continuidad de su carrera deportiva mientras estudian, con el fin de que puedan acabar convirti\u00e9ndose en deportistas de alto rendimiento.<\/p>\n<p>Los requisitos indispensables para ser beneficiario de estas ayudas son, cursar ense\u00f1anzas obligatorias (ESO) o post obligatorios (Ciclos Formativos o Estudios Universitarios), entre los 14 y los 22 a\u00f1os, ser deportistas en activo y <strong>haber aprobado todas las asignaturas del \u00faltimo curso acad\u00e9mico.<\/strong><\/p>\n<p>Para conceder las subvenciones el Conselh Generau d\u2019Aran, crear\u00e1 una Comisi\u00f3n T\u00e9cnica de Valoraci\u00f3n, integrada entre otros por el consejero de Deportes y Juventud del Gobierno de Aran, <strong>Lu\u00eds Carlos Medina<\/strong> y por el responsable t\u00e9cnico del Conselh Esportiu del Valle de Aran.<\/p>\n<p>Se conceder\u00e1n dos tipos de subvenciones.<\/p>\n<p>-Beca A por un importe de 1.500 \u20ac<\/p>\n<p>-Beca B por un importe de 750 \u20ac<\/p>\n<p>Para conceder estas ayudas, se considerar\u00e1 la edad de los deportistas, as\u00ed como los resultados deportivos obtenidos y los diferentes niveles de competici\u00f3n en que participen (grupo de competici\u00f3n internacional, estatal o auton\u00f3mica).<\/p>\n<p>El plazo de presentaci\u00f3n de solicitudes es hasta el 30 de septiembre de 2016.<\/p>\n<p>Toda la informaci\u00f3n en el siguiente enlace:<\/p>\n<h3><a href=\"https:\/\/tauler.seu.cat\/pagDetall.do?idEdicte=78392&amp;idens=8103980001\">https:\/\/tauler.seu.cat\/pagDetall.do?idEdicte=78392&amp;idens=8103980001<\/a><\/h3>\n<p><a href=\"http:\/\/www.conselharan.org\/wp-content\/uploads\/2016\/03\/grop-CAEI.jpg\"><img loading=\"lazy\" decoding=\"async\" class=\"aligncenter size-large wp-image-10891\" src=\"http:\/\/www.conselharan.org\/wp-content\/uploads\/2016\/03\/grop-CAEI-1024x776.jpg\" alt=\"grop CAEI\" width=\"1024\" height=\"776\" srcset=\"https:\/\/www.conselharan.org\/wp-content\/uploads\/2016\/03\/grop-CAEI-1024x776.jpg 1024w, https:\/\/www.conselharan.org\/wp-content\/uploads\/2016\/03\/grop-CAEI-300x227.jpg 300w\" sizes=\"(max-width: 1024px) 100vw, 1024px\" \/><\/a><\/p>\n<p>&nbsp;<\/p>\n<p><a href=\"http:\/\/www.conselharan.org\/wp-content\/uploads\/2016\/03\/interclubs-grop.caei_1.jpeg\"><img loading=\"lazy\" decoding=\"async\" class=\"aligncenter size-full wp-image-10902\" src=\"http:\/\/www.conselharan.org\/wp-content\/uploads\/2016\/03\/interclubs-grop.caei_1.jpeg\" alt=\"interclubs-grop.caei\" width=\"640\" height=\"480\" srcset=\"https:\/\/www.conselharan.org\/wp-content\/uploads\/2016\/03\/interclubs-grop.caei_1.jpeg 640w, https:\/\/www.conselharan.org\/wp-content\/uploads\/2016\/03\/interclubs-grop.caei_1-300x225.jpeg 300w\" sizes=\"(max-width: 640px) 100vw, 640px\" \/><\/a><\/p>\n ","protected":false},"excerpt":{"rendered":"<p>Vielha, 5 de agosto de 2016.- El Conselh Generau d\u2019Aran ha abierto esta semana el periodo para solicitar las ayudas y subvenciones econ\u00f3micas para la temporada 2016\/2017 a los j\u00f3venes deportistas araneses. El objetivo de estas ayudas, es motivar la continuidad de su carrera deportiva mientras estudian, con el fin de que puedan acabar convirti\u00e9ndose&#8230;<\/p>\n","protected":false},"author":2,"featured_media":13330,"comment_status":"closed","ping_status":"closed","sticky":false,"template":"","format":"standard","meta":{"footnotes":""},"categories":[52],"tags":[],"_links":{"self":[{"href":"https:\/\/www.conselharan.org\/es\/wp-json\/wp\/v2\/posts\/13332"}],"collection":[{"href":"https:\/\/www.conselharan.org\/es\/wp-json\/wp\/v2\/posts"}],"about":[{"href":"https:\/\/www.conselharan.org\/es\/wp-json\/wp\/v2\/types\/post"}],"author":[{"embeddable":true,"href":"https:\/\/www.conselharan.org\/es\/wp-json\/wp\/v2\/users\/2"}],"replies":[{"embeddable":true,"href":"https:\/\/www.conselharan.org\/es\/wp-json\/wp\/v2\/comments?post=13332"}],"version-history":[{"count":1,"href":"https:\/\/www.conselharan.org\/es\/wp-json\/wp\/v2\/posts\/13332\/revisions"}],"predecessor-version":[{"id":13333,"href":"https:\/\/www.conselharan.org\/es\/wp-json\/wp\/v2\/posts\/13332\/revisions\/13333"}],"wp:featuredmedia":[{"embeddable":true,"href":"https:\/\/www.conselharan.org\/es\/wp-json\/wp\/v2\/media\/13330"}],"wp:attachment":[{"href":"https:\/\/www.conselharan.org\/es\/wp-json\/wp\/v2\/media?parent=13332"}],"wp:term":[{"taxonomy":"category","embeddable":true,"href":"https:\/\/www.conselharan.org\/es\/wp-json\/wp\/v2\/categories?post=13332"},{"taxonomy":"post_tag","embeddable":true,"href":"https:\/\/www.conselharan.org\/es\/wp-json\/wp\/v2\/tags?post=13332"}],"curies":[{"name":"wp","href":"https:\/\/api.w.org\/{rel}","templated":true}]}}