{"id":13342,"date":"2016-08-08T14:56:13","date_gmt":"2016-08-08T12:56:13","guid":{"rendered":"http:\/\/www.conselharan.org\/es\/?p=13342"},"modified":"2016-08-08T15:03:32","modified_gmt":"2016-08-08T13:03:32","slug":"el-conselh-generau-daran-renueva-el-convenio-con-el-centre-juvenil-i-esplai-aran-thal-para-la-organizacion-de-las-colonias-de-verano-2016","status":"publish","type":"post","link":"https:\/\/www.conselharan.org\/es\/el-conselh-generau-daran-renueva-el-convenio-con-el-centre-juvenil-i-esplai-aran-thal-para-la-organizacion-de-las-colonias-de-verano-2016\/","title":{"rendered":"El Conselh Generau d\u2019Aran renueva el convenio con el \u201cCentre Juvenil i Esplai Aran-Thal\u201d para la organizaci\u00f3n de las colonias de verano 2016"},"content":{"rendered":"<p><img loading=\"lazy\" decoding=\"async\" class=\"aligncenter size-large wp-image-13338\" src=\"http:\/\/www.conselharan.org\/wp-content\/uploads\/2016\/08\/DSC_0512-1024x894.jpg\" alt=\"DSC_0512\" width=\"1024\" height=\"894\" srcset=\"https:\/\/www.conselharan.org\/wp-content\/uploads\/2016\/08\/DSC_0512-1024x894.jpg 1024w, https:\/\/www.conselharan.org\/wp-content\/uploads\/2016\/08\/DSC_0512-300x262.jpg 300w, https:\/\/www.conselharan.org\/wp-content\/uploads\/2016\/08\/DSC_0512-768x671.jpg 768w\" sizes=\"(max-width: 1024px) 100vw, 1024px\" \/><\/p>\n<p>&nbsp;<\/p>\n<p>El sindic de Aran, <strong>Carlos Barrera,<\/strong> y la responsable del \u201cCentre Juvenil i Esplai Aran-Thal\u201d, <strong>Cristina Riu<\/strong>, han firmado un convenio que establece la colaboraci\u00f3n econ\u00f3mica del Conselh Generau d\u2019Aran para las colonias de verano 2016 de este centro.<\/p>\n<p>El \u00ab<strong>Centre Juvenil i Esplai Aran-Thal\u00bb<\/strong> realiza, desde hace a\u00f1os, unas colonias para los j\u00f3venes de la Val d\u2019Aran que<strong> cuentan con un centenar de participantes.<\/strong><\/p>\n<p>En palabras del sindic de Aran, <strong>Carlos Barrera, \u201cel Gov\u00e8rn de Aran reconoce la capacidad y la experiencia demostrada estos a\u00f1os por parte del Centre Juvenil i Esplai Aran-Thal para la organizaci\u00f3n de este tipo de acontecimientos, consider\u00e1ndolo la entidad m\u00e1s preparada para la realizaci\u00f3n de estas actividades en el \u00e1mbito de Aran\u201d.<\/strong><\/p>\n<p>&nbsp;<\/p>\n<p>&nbsp;<\/p>\n<p>&nbsp;<\/p>\n<p>Vielha, 8 de agosto de 2016<\/p>\n<p>&nbsp;<\/p>\n<p><em>Conselh Generau d&#8217;Aran: N\u00faria Sanjuan<\/em><\/p>\n ","protected":false},"excerpt":{"rendered":"<p>&nbsp; El sindic de Aran, Carlos Barrera, y la responsable del \u201cCentre Juvenil i Esplai Aran-Thal\u201d, Cristina Riu, han firmado un convenio que establece la colaboraci\u00f3n econ\u00f3mica del Conselh Generau d\u2019Aran para las colonias de verano 2016 de este centro. El \u00abCentre Juvenil i Esplai Aran-Thal\u00bb realiza, desde hace a\u00f1os, unas colonias para los j\u00f3venes&#8230;<\/p>\n","protected":false},"author":2,"featured_media":13338,"comment_status":"closed","ping_status":"closed","sticky":false,"template":"","format":"standard","meta":{"footnotes":""},"categories":[34],"tags":[],"_links":{"self":[{"href":"https:\/\/www.conselharan.org\/es\/wp-json\/wp\/v2\/posts\/13342"}],"collection":[{"href":"https:\/\/www.conselharan.org\/es\/wp-json\/wp\/v2\/posts"}],"about":[{"href":"https:\/\/www.conselharan.org\/es\/wp-json\/wp\/v2\/types\/post"}],"author":[{"embeddable":true,"href":"https:\/\/www.conselharan.org\/es\/wp-json\/wp\/v2\/users\/2"}],"replies":[{"embeddable":true,"href":"https:\/\/www.conselharan.org\/es\/wp-json\/wp\/v2\/comments?post=13342"}],"version-history":[{"count":1,"href":"https:\/\/www.conselharan.org\/es\/wp-json\/wp\/v2\/posts\/13342\/revisions"}],"predecessor-version":[{"id":13343,"href":"https:\/\/www.conselharan.org\/es\/wp-json\/wp\/v2\/posts\/13342\/revisions\/13343"}],"wp:featuredmedia":[{"embeddable":true,"href":"https:\/\/www.conselharan.org\/es\/wp-json\/wp\/v2\/media\/13338"}],"wp:attachment":[{"href":"https:\/\/www.conselharan.org\/es\/wp-json\/wp\/v2\/media?parent=13342"}],"wp:term":[{"taxonomy":"category","embeddable":true,"href":"https:\/\/www.conselharan.org\/es\/wp-json\/wp\/v2\/categories?post=13342"},{"taxonomy":"post_tag","embeddable":true,"href":"https:\/\/www.conselharan.org\/es\/wp-json\/wp\/v2\/tags?post=13342"}],"curies":[{"name":"wp","href":"https:\/\/api.w.org\/{rel}","templated":true}]}}