{"id":13354,"date":"2016-08-09T12:06:06","date_gmt":"2016-08-09T10:06:06","guid":{"rendered":"http:\/\/www.conselharan.org\/es\/?p=13354"},"modified":"2016-08-09T12:06:06","modified_gmt":"2016-08-09T10:06:06","slug":"la-noche-de-los-topos-y-tour-de-los-lirones","status":"publish","type":"post","link":"https:\/\/www.conselharan.org\/es\/la-noche-de-los-topos-y-tour-de-los-lirones\/","title":{"rendered":"La noche de los topos y Tour de los lirones"},"content":{"rendered":"<p><strong>\u2022 El 19 y 20 de agosto el Departamento de Agricultura, Ganader\u00eda y Medio Natural del Conselh Generau d\u2019Aran ha organizado estas actividades para todos los p\u00fablicos.<\/strong><\/p>\n<p>&nbsp;<\/p>\n<p><img loading=\"lazy\" decoding=\"async\" class=\"aligncenter size-large wp-image-13350\" src=\"http:\/\/www.conselharan.org\/wp-content\/uploads\/2016\/08\/CARTELL_ESTIU2016_CAT-724x1024.jpg\" alt=\"CARTELL_ESTIU2016_CAT\" width=\"724\" height=\"1024\" srcset=\"https:\/\/www.conselharan.org\/wp-content\/uploads\/2016\/08\/CARTELL_ESTIU2016_CAT-724x1024.jpg 724w, https:\/\/www.conselharan.org\/wp-content\/uploads\/2016\/08\/CARTELL_ESTIU2016_CAT-212x300.jpg 212w, https:\/\/www.conselharan.org\/wp-content\/uploads\/2016\/08\/CARTELL_ESTIU2016_CAT-768x1087.jpg 768w\" sizes=\"(max-width: 724px) 100vw, 724px\" \/><\/p>\n<p>&nbsp;<\/p>\n<p>Un a\u00f1o m\u00e1s, el Conselh Generau d\u2019Aran a trav\u00e9s de su Departamento de Agricultura, Ganader\u00eda y Medio Natural ha organizado \u201c<strong>La noche de los topos\u201d<\/strong> y el \u201c<strong>Tour de los lirones\u201d<\/strong>, actividades para peque\u00f1os y mayores, de descubrimiento y reconocimiento de los micro mam\u00edferos de la Val d\u2019Aran y de aprendizaje del m\u00e9todo de estudio cient\u00edfico de este grupo de fauna.<\/p>\n<p><strong>\u201cLa noche de los topos<\/strong>\u201d invita a pasar una tarde\/noche divertida buscando a los peque\u00f1os mam\u00edferos que viven escondidos en nuestros bosques.<\/p>\n<p>&nbsp;<\/p>\n<p><img loading=\"lazy\" decoding=\"async\" class=\"aligncenter size-large wp-image-13351\" src=\"http:\/\/www.conselharan.org\/wp-content\/uploads\/2016\/08\/CARTELL_ESTIU2016_CAT-copia-360x1024.jpg\" alt=\"CARTELL_ESTIU2016_CAT - copia\" width=\"360\" height=\"1024\" srcset=\"https:\/\/www.conselharan.org\/wp-content\/uploads\/2016\/08\/CARTELL_ESTIU2016_CAT-copia-360x1024.jpg 360w, https:\/\/www.conselharan.org\/wp-content\/uploads\/2016\/08\/CARTELL_ESTIU2016_CAT-copia-768x2182.jpg 768w, https:\/\/www.conselharan.org\/wp-content\/uploads\/2016\/08\/CARTELL_ESTIU2016_CAT-copia.jpg 1745w\" sizes=\"(max-width: 360px) 100vw, 360px\" \/><\/p>\n<p>&nbsp;<\/p>\n<p><strong>\u2022<em> Viernes, 19 de agosto. \u201cLa noche de los topos\u201d<\/em><\/strong><\/p>\n<p><strong>Lugar: Refugio de la Honeria- Val de Toran<\/strong><\/p>\n<p>20h00:<br \/>\n\u2022 Charla audiovisual \u201cMicro mam\u00edferos: animadores secretos de nuestros bosques\u201d.<\/p>\n<p>21h00:<br \/>\n\u2022 Cena<\/p>\n<p>22h00 &#8211; 23h30:<br \/>\n\u2022 Exploraci\u00f3n nocturna en el \u201cbosque de los topos\u201d.<\/p>\n<p>Precio, cena incluida: 15\u20ac (adultos), 6\u20ac (men\u00fa infantil).<\/p>\n<p>&nbsp;<\/p>\n<p>El s\u00e1bado, 20 de agosto, tendr\u00e1 lugar la actividad para todos los p\u00fablicos <strong>\u201cTour de los lirones\u201d<\/strong> donde podr\u00e9is conocer de cerca los lirones grises araneses de la mano de L\u00eddia Freixas, investigadora especializada en la especie.<\/p>\n<p>&nbsp;<\/p>\n<p><img loading=\"lazy\" decoding=\"async\" class=\"aligncenter size-large wp-image-13352\" src=\"http:\/\/www.conselharan.org\/wp-content\/uploads\/2016\/08\/CARTELL_ESTIU2016_CAT-copia-2-355x1024.jpg\" alt=\"CARTELL_ESTIU2016_CAT - copia (2)\" width=\"355\" height=\"1024\" srcset=\"https:\/\/www.conselharan.org\/wp-content\/uploads\/2016\/08\/CARTELL_ESTIU2016_CAT-copia-2-355x1024.jpg 355w, https:\/\/www.conselharan.org\/wp-content\/uploads\/2016\/08\/CARTELL_ESTIU2016_CAT-copia-2-104x300.jpg 104w, https:\/\/www.conselharan.org\/wp-content\/uploads\/2016\/08\/CARTELL_ESTIU2016_CAT-copia-2-768x2215.jpg 768w, https:\/\/www.conselharan.org\/wp-content\/uploads\/2016\/08\/CARTELL_ESTIU2016_CAT-copia-2.jpg 1719w\" sizes=\"(max-width: 355px) 100vw, 355px\" \/><\/p>\n<p>&nbsp;<\/p>\n<p><strong>\u2022 S\u00e1bado, 20 de agosto. \u201cTour de los lirones\u201d<\/strong><\/p>\n<p>De 10h00 a 14h00 (Lugar: Refugio de la Honeria- Val de Toran)<\/p>\n<p>&#8211; Charla \u201c\u00bfQu\u00e9 sabemos de los lirones grises?\u201d.<br \/>\n&#8211; Revisi\u00f3n y control de las estaciones de cr\u00eda del Proyecto Lir\u00f3n.<\/p>\n<p>A las 16h00 (Lugar: Conselh Generau d\u2019Aran- Vielha)<\/p>\n<p>&#8211; Revisi\u00f3n y control de las estaciones de cr\u00eda de Betren.<\/p>\n<p>Las plazas son limitadas, por eso hay que formalizar la inscripci\u00f3n llamando al Conselh Generau d\u2019Aran (973 64 18 01) o enviando un e-mail a <a href=\"mailto:c.madruga@aran.org\" target=\"_blank\">c.madruga@aran.org<\/a>. Persona de contacto: <strong>Cristina Madruga<\/strong>.<\/p>\n<p>&nbsp;<\/p>\n<p>&nbsp;<\/p>\n<p>&nbsp;<\/p>\n<p>Vielha, 9 de agosto de 2016<\/p>\n<p>&nbsp;<\/p>\n<p><em>Conselh Generau d&#8217;Aran: N\u00faria Sanjuan<\/em><\/p>\n ","protected":false},"excerpt":{"rendered":"<p>\u2022 El 19 y 20 de agosto el Departamento de Agricultura, Ganader\u00eda y Medio Natural del Conselh Generau d\u2019Aran ha organizado estas actividades para todos los p\u00fablicos. &nbsp; &nbsp; Un a\u00f1o m\u00e1s, el Conselh Generau d\u2019Aran a trav\u00e9s de su Departamento de Agricultura, Ganader\u00eda y Medio Natural ha organizado \u201cLa noche de los topos\u201d y&#8230;<\/p>\n","protected":false},"author":2,"featured_media":12409,"comment_status":"closed","ping_status":"closed","sticky":false,"template":"","format":"standard","meta":{"footnotes":""},"categories":[52,126],"tags":[],"_links":{"self":[{"href":"https:\/\/www.conselharan.org\/es\/wp-json\/wp\/v2\/posts\/13354"}],"collection":[{"href":"https:\/\/www.conselharan.org\/es\/wp-json\/wp\/v2\/posts"}],"about":[{"href":"https:\/\/www.conselharan.org\/es\/wp-json\/wp\/v2\/types\/post"}],"author":[{"embeddable":true,"href":"https:\/\/www.conselharan.org\/es\/wp-json\/wp\/v2\/users\/2"}],"replies":[{"embeddable":true,"href":"https:\/\/www.conselharan.org\/es\/wp-json\/wp\/v2\/comments?post=13354"}],"version-history":[{"count":1,"href":"https:\/\/www.conselharan.org\/es\/wp-json\/wp\/v2\/posts\/13354\/revisions"}],"predecessor-version":[{"id":13355,"href":"https:\/\/www.conselharan.org\/es\/wp-json\/wp\/v2\/posts\/13354\/revisions\/13355"}],"wp:featuredmedia":[{"embeddable":true,"href":"https:\/\/www.conselharan.org\/es\/wp-json\/wp\/v2\/media\/12409"}],"wp:attachment":[{"href":"https:\/\/www.conselharan.org\/es\/wp-json\/wp\/v2\/media?parent=13354"}],"wp:term":[{"taxonomy":"category","embeddable":true,"href":"https:\/\/www.conselharan.org\/es\/wp-json\/wp\/v2\/categories?post=13354"},{"taxonomy":"post_tag","embeddable":true,"href":"https:\/\/www.conselharan.org\/es\/wp-json\/wp\/v2\/tags?post=13354"}],"curies":[{"name":"wp","href":"https:\/\/api.w.org\/{rel}","templated":true}]}}