{"id":13361,"date":"2016-08-09T15:02:50","date_gmt":"2016-08-09T13:02:50","guid":{"rendered":"http:\/\/www.conselharan.org\/es\/?p=13361"},"modified":"2016-08-09T15:03:07","modified_gmt":"2016-08-09T13:03:07","slug":"se-confirma-el-ataque-de-oso-a-una-oveja-y-un-cordero-en-vilamos","status":"publish","type":"post","link":"https:\/\/www.conselharan.org\/es\/se-confirma-el-ataque-de-oso-a-una-oveja-y-un-cordero-en-vilamos\/","title":{"rendered":"Se confirma el ataque de oso a una oveja y un cordero en Vilam\u00f2s"},"content":{"rendered":"<p><img loading=\"lazy\" decoding=\"async\" class=\"aligncenter size-full wp-image-13357\" src=\"http:\/\/www.conselharan.org\/wp-content\/uploads\/2016\/08\/uishera.jpg\" alt=\"uishera\" width=\"747\" height=\"768\" srcset=\"https:\/\/www.conselharan.org\/wp-content\/uploads\/2016\/08\/uishera.jpg 747w, https:\/\/www.conselharan.org\/wp-content\/uploads\/2016\/08\/uishera-292x300.jpg 292w\" sizes=\"(max-width: 747px) 100vw, 747px\" \/><br \/>\nAgentes del Departamento de Agricultura, Ganader\u00eda y Medio Natural del Conselh Generau d\u2019Aran han confirmado el ataque de oso a un reba\u00f1o de ovejas en la zona de Uishera (Vilam\u00f2s). Como resultado de este ataque han encontrado muertos una oveja y un cordero.<\/p>\n<p>Los agentes del Conselh Generau se encuentran en la zona con perros para localizar excrementos de oso para enviarlos a analizar y saber de qu\u00e9 ejemplar de oso se trata.<\/p>\n<p>El conselh\u00e8r de Agricultura, Ganader\u00eda y Medio Natural de Aran, <strong>Jose Enrique Arr\u00f3<\/strong>, ha manifestado <strong>\u201clos agentes del Conselh tambi\u00e9n colaboran con el propietario del reba\u00f1o para constatar que no haya m\u00e1s da\u00f1os y para la reagrupaci\u00f3n del reba\u00f1o atacado\u201d.<\/strong><\/p>\n<p>&nbsp;<\/p>\n<p>&nbsp;<\/p>\n<p>&nbsp;<\/p>\n<p>Vielha, 9 de agosto de 2016<\/p>\n<p>&nbsp;<\/p>\n<p><em>Conselh Generau d&#8217;Aran: N\u00faria Sanjuan<\/em><\/p>\n ","protected":false},"excerpt":{"rendered":"<p>Agentes del Departamento de Agricultura, Ganader\u00eda y Medio Natural del Conselh Generau d\u2019Aran han confirmado el ataque de oso a un reba\u00f1o de ovejas en la zona de Uishera (Vilam\u00f2s). Como resultado de este ataque han encontrado muertos una oveja y un cordero. Los agentes del Conselh Generau se encuentran en la zona con perros&#8230;<\/p>\n","protected":false},"author":2,"featured_media":13357,"comment_status":"closed","ping_status":"closed","sticky":false,"template":"","format":"standard","meta":{"footnotes":""},"categories":[129,126,34],"tags":[],"_links":{"self":[{"href":"https:\/\/www.conselharan.org\/es\/wp-json\/wp\/v2\/posts\/13361"}],"collection":[{"href":"https:\/\/www.conselharan.org\/es\/wp-json\/wp\/v2\/posts"}],"about":[{"href":"https:\/\/www.conselharan.org\/es\/wp-json\/wp\/v2\/types\/post"}],"author":[{"embeddable":true,"href":"https:\/\/www.conselharan.org\/es\/wp-json\/wp\/v2\/users\/2"}],"replies":[{"embeddable":true,"href":"https:\/\/www.conselharan.org\/es\/wp-json\/wp\/v2\/comments?post=13361"}],"version-history":[{"count":1,"href":"https:\/\/www.conselharan.org\/es\/wp-json\/wp\/v2\/posts\/13361\/revisions"}],"predecessor-version":[{"id":13362,"href":"https:\/\/www.conselharan.org\/es\/wp-json\/wp\/v2\/posts\/13361\/revisions\/13362"}],"wp:featuredmedia":[{"embeddable":true,"href":"https:\/\/www.conselharan.org\/es\/wp-json\/wp\/v2\/media\/13357"}],"wp:attachment":[{"href":"https:\/\/www.conselharan.org\/es\/wp-json\/wp\/v2\/media?parent=13361"}],"wp:term":[{"taxonomy":"category","embeddable":true,"href":"https:\/\/www.conselharan.org\/es\/wp-json\/wp\/v2\/categories?post=13361"},{"taxonomy":"post_tag","embeddable":true,"href":"https:\/\/www.conselharan.org\/es\/wp-json\/wp\/v2\/tags?post=13361"}],"curies":[{"name":"wp","href":"https:\/\/api.w.org\/{rel}","templated":true}]}}