{"id":13383,"date":"2016-08-12T08:55:50","date_gmt":"2016-08-12T06:55:50","guid":{"rendered":"http:\/\/www.conselharan.org\/es\/?p=13383"},"modified":"2016-08-16T15:21:24","modified_gmt":"2016-08-16T13:21:24","slug":"feria-de-artesania-hecho-a-mano-hecho-aqui-del-16-al-18-de-agosto","status":"publish","type":"post","link":"https:\/\/www.conselharan.org\/es\/feria-de-artesania-hecho-a-mano-hecho-aqui-del-16-al-18-de-agosto\/","title":{"rendered":"Feria de artesan\u00eda \u201cHecho a mano, hecho aqu\u00ed\u201d del 16 al 18 de agosto"},"content":{"rendered":"<p>\u2022<strong> 25 artesanos y productores\u00a0agro alimentarios\u00a0de diferentes sectores participan en la feria con la venta de productos de la Val d\u2019Aran.<\/strong><\/p>\n<p><strong>\u2022 Durante las diferentes jornadas se realizar\u00e1n talleres y se celebrar\u00e1 una rifa de una cesta con productos artesanales.<\/strong><\/p>\n<p>&nbsp;<\/p>\n<p><img loading=\"lazy\" decoding=\"async\" class=\"aligncenter size-full wp-image-13378\" src=\"http:\/\/www.conselharan.org\/wp-content\/uploads\/2016\/08\/het-a-man_2016.jpg\" alt=\"het a man_2016\" width=\"895\" height=\"841\" srcset=\"https:\/\/www.conselharan.org\/wp-content\/uploads\/2016\/08\/het-a-man_2016.jpg 895w, https:\/\/www.conselharan.org\/wp-content\/uploads\/2016\/08\/het-a-man_2016-300x282.jpg 300w, https:\/\/www.conselharan.org\/wp-content\/uploads\/2016\/08\/het-a-man_2016-768x722.jpg 768w\" sizes=\"(max-width: 895px) 100vw, 895px\" \/><\/p>\n<p>&nbsp;<\/p>\n<p>Un a\u00f1o m\u00e1s la Val d\u2019Aran acoge una nueva edici\u00f3n de la feria <strong>\u201cHecho a mano, hecho aqu\u00ed\u201d<\/strong>, que organiza el Conselh Generau d\u2019Aran, y que tendr\u00e1 lugar en <strong>Vielha (Paseo de la Libertad) los d\u00edas 16, 17 y 18 de agosto de 10h30 a 14h30 y de 16h30 a 21h00<\/strong>. Se trata de una feria que este a\u00f1o llega a su VII edici\u00f3n y que tiene como objetivo promover a los artesanos y los productos de la Val d\u2019Aran.<\/p>\n<p>Esta feria se organiza con la colaboraci\u00f3n de la Diputaci\u00f3n de Lleida, Ayuntamiento de Vielha y Mijaran, Asociaci\u00f3n de Artesanos y Artistas de la Val d\u2019Aran, productores de la marca de garant\u00eda \u201cProductos de la Val d\u2019Aran\u201d y de la Asociaci\u00f3n de Casas de Pag\u00e9s en la Val d\u2019Aran.<\/p>\n<p>Este a\u00f1o la feria cuenta con un total de 25 artesanos y productores agro alimentarios de diferentes sectores: cestas, vidrio, cer\u00e1mica, bisuter\u00eda, jabones, textil, reposter\u00eda y bebidas entre otros. Una gran representaci\u00f3n de la producci\u00f3n artesanal que se elabora en la Val d\u2019Aran.<\/p>\n<p><strong>\u201cCon esta feria queremos dar a conocer, tanto a los araneses como a la gente que nos visita durante el verano, los diferentes sectores artesanales de la mano de sus productores que representan una actividad importante dentro del comercio local\u201d<\/strong> ha manifestado la conselh\u00e8ra de Turismo y Desarrollo Econ\u00f3mico de Aran, <strong>Anna D\u00edaz<\/strong>.<\/p>\n<p>Durante los 3 d\u00edas, los visitantes a la feria podr\u00e1n acercarse a los stands para comprar los productos. Adem\u00e1s, por las tardes, podr\u00e1n disfrutar de diferentes talleres y demostraciones a cargo de los mismos artesanos.<\/p>\n<p>Al finalizar la feria, el domingo 18 de agosto, a las 20h00, se realizar\u00e1 la rifa de una cesta completa con productos de todos los artesanos que participan y que incluye tambi\u00e9n un fin de semana en una de las casas de pag\u00e9s de la Val d\u2019Aran.<\/p>\n<p>&nbsp;<\/p>\n<p><img loading=\"lazy\" decoding=\"async\" class=\"aligncenter size-large wp-image-13379\" src=\"http:\/\/www.conselharan.org\/wp-content\/uploads\/2016\/08\/cartell-artesania-ok-2016-361x1024.jpg\" alt=\"Anuncio conselh julio\" width=\"361\" height=\"1024\" srcset=\"https:\/\/www.conselharan.org\/wp-content\/uploads\/2016\/08\/cartell-artesania-ok-2016-361x1024.jpg 361w, https:\/\/www.conselharan.org\/wp-content\/uploads\/2016\/08\/cartell-artesania-ok-2016-106x300.jpg 106w, https:\/\/www.conselharan.org\/wp-content\/uploads\/2016\/08\/cartell-artesania-ok-2016-768x2180.jpg 768w, https:\/\/www.conselharan.org\/wp-content\/uploads\/2016\/08\/cartell-artesania-ok-2016.jpg 1748w\" sizes=\"(max-width: 361px) 100vw, 361px\" \/><\/p>\n<p>&nbsp;<\/p>\n<p><strong>TALLERES DE \u201cHECHO A MANO, HECHO AQU\u00cd\u201d<\/strong><\/p>\n<p><strong>\u2022 De 17h30 a 19h00:<\/strong><\/p>\n<p>&nbsp;<\/p>\n<p><strong>Martes, 16 de agosto:<\/strong><\/p>\n<p>&#8211; Elabora tu pasta de dientes, a cargo de Jardin des hades.<\/p>\n<p>&#8211; Demostraci\u00f3n de la elaboraci\u00f3n de una caba\u00f1a con fibras vegetales, a cargo de Pa\u00e8rs Bausen.<\/p>\n<p>&#8211; \u00a1Hagamos una tarjeta sorpresa!, a cargo de Alicia Mitjans.<\/p>\n<p>&nbsp;<\/p>\n<p><strong>Mi\u00e9rcoles, 17 de agosto<\/strong>:<\/p>\n<p>&#8211; Decora y pinta tu cajita, a cargo de Olga Zubatii.<\/p>\n<p>&#8211; Taller de bombas y sales de ba\u00f1o, a cargo de Sabons Care\u00e7a.<\/p>\n<p>&#8211; Taller de mariposas, a cargo de Berd e Blu.<\/p>\n<p>&nbsp;<\/p>\n<p><strong>Jueves, 18 de agosto:<\/strong><\/p>\n<p>&#8211; Telar art\u00edstico, a cargo del Taller textil de Bausen.<\/p>\n<p>&#8211; Taller de llaveros y brazaletes de macram\u00e9, a cargo de Baobab artesan\u00eda.<\/p>\n<p>&nbsp;<\/p>\n<p>&nbsp;<\/p>\n<p>&nbsp;<\/p>\n<p>Vielha, 11 de agosto de 2016<\/p>\n<p>&nbsp;<\/p>\n<p><em>Conselh Generau d&#8217;Aran: N\u00faria Sanjuan<\/em><\/p>\n ","protected":false},"excerpt":{"rendered":"<p>\u2022 25 artesanos y productores\u00a0agro alimentarios\u00a0de diferentes sectores participan en la feria con la venta de productos de la Val d\u2019Aran. \u2022 Durante las diferentes jornadas se realizar\u00e1n talleres y se celebrar\u00e1 una rifa de una cesta con productos artesanales. &nbsp; &nbsp; Un a\u00f1o m\u00e1s la Val d\u2019Aran acoge una nueva edici\u00f3n de la feria&#8230;<\/p>\n","protected":false},"author":2,"featured_media":13378,"comment_status":"closed","ping_status":"closed","sticky":false,"template":"","format":"standard","meta":{"footnotes":""},"categories":[34],"tags":[],"_links":{"self":[{"href":"https:\/\/www.conselharan.org\/es\/wp-json\/wp\/v2\/posts\/13383"}],"collection":[{"href":"https:\/\/www.conselharan.org\/es\/wp-json\/wp\/v2\/posts"}],"about":[{"href":"https:\/\/www.conselharan.org\/es\/wp-json\/wp\/v2\/types\/post"}],"author":[{"embeddable":true,"href":"https:\/\/www.conselharan.org\/es\/wp-json\/wp\/v2\/users\/2"}],"replies":[{"embeddable":true,"href":"https:\/\/www.conselharan.org\/es\/wp-json\/wp\/v2\/comments?post=13383"}],"version-history":[{"count":1,"href":"https:\/\/www.conselharan.org\/es\/wp-json\/wp\/v2\/posts\/13383\/revisions"}],"predecessor-version":[{"id":13384,"href":"https:\/\/www.conselharan.org\/es\/wp-json\/wp\/v2\/posts\/13383\/revisions\/13384"}],"wp:featuredmedia":[{"embeddable":true,"href":"https:\/\/www.conselharan.org\/es\/wp-json\/wp\/v2\/media\/13378"}],"wp:attachment":[{"href":"https:\/\/www.conselharan.org\/es\/wp-json\/wp\/v2\/media?parent=13383"}],"wp:term":[{"taxonomy":"category","embeddable":true,"href":"https:\/\/www.conselharan.org\/es\/wp-json\/wp\/v2\/categories?post=13383"},{"taxonomy":"post_tag","embeddable":true,"href":"https:\/\/www.conselharan.org\/es\/wp-json\/wp\/v2\/tags?post=13383"}],"curies":[{"name":"wp","href":"https:\/\/api.w.org\/{rel}","templated":true}]}}