{"id":13618,"date":"2016-08-19T11:49:19","date_gmt":"2016-08-19T09:49:19","guid":{"rendered":"http:\/\/www.conselharan.org\/es\/?p=13618"},"modified":"2016-08-19T11:52:26","modified_gmt":"2016-08-19T09:52:26","slug":"el-pequeno-museo-de-la-escuela-de-arros-en-la-red-de-los-museos-de-la-val-daran","status":"publish","type":"post","link":"https:\/\/www.conselharan.org\/es\/el-pequeno-museo-de-la-escuela-de-arros-en-la-red-de-los-museos-de-la-val-daran\/","title":{"rendered":"El Peque\u00f1o Museo de la Escuela de Arr\u00f2s en la red de los Museos de la Val d\u2019Aran"},"content":{"rendered":"<p><strong>El Conselh Generau d\u2019Aran, a trav\u00e9s de Museos de la Val d\u2019Aran y el Archivo General de Aran, apoya esta iniciativa de la Entidad Municipal Descentralizada de Arr\u00f2s y Vila<\/strong><\/p>\n<p>&nbsp;<\/p>\n<p><img loading=\"lazy\" decoding=\"async\" class=\"aligncenter size-large wp-image-13613\" src=\"http:\/\/www.conselharan.org\/wp-content\/uploads\/2016\/08\/petit-mus\u00e8u-esc\u00f2la1-1024x683.jpg\" alt=\"petit mus\u00e8u esc\u00f2la1\" width=\"1024\" height=\"683\" srcset=\"https:\/\/www.conselharan.org\/wp-content\/uploads\/2016\/08\/petit-mus\u00e8u-esc\u00f2la1-1024x683.jpg 1024w, https:\/\/www.conselharan.org\/wp-content\/uploads\/2016\/08\/petit-mus\u00e8u-esc\u00f2la1-300x200.jpg 300w, https:\/\/www.conselharan.org\/wp-content\/uploads\/2016\/08\/petit-mus\u00e8u-esc\u00f2la1-768x512.jpg 768w\" sizes=\"(max-width: 1024px) 100vw, 1024px\" \/><\/p>\n<p>&nbsp;<\/p>\n<p>El <strong>\u00abPeque\u00f1o Museo de la Escuela\u00bb<\/strong> es una iniciativa de la EMD de Arr\u00f2s i Vila que quiere dar a conocer como era una escuela rural en un pueblo de la Val d\u2019Aran. El mobiliario, como los viejos pupitres, los mapas, la pizarra y el material escolar que se muestran se recuper\u00f3 de la vieja escuela del pueblo de Vila antes de su demolici\u00f3n.<\/p>\n<p>&nbsp;<\/p>\n<p><img loading=\"lazy\" decoding=\"async\" class=\"aligncenter size-large wp-image-13612\" src=\"http:\/\/www.conselharan.org\/wp-content\/uploads\/2016\/08\/petit-mus\u00e8u-esc\u00f2la-1024x683.jpg\" alt=\"petit mus\u00e8u esc\u00f2la\" width=\"1024\" height=\"683\" srcset=\"https:\/\/www.conselharan.org\/wp-content\/uploads\/2016\/08\/petit-mus\u00e8u-esc\u00f2la-1024x683.jpg 1024w, https:\/\/www.conselharan.org\/wp-content\/uploads\/2016\/08\/petit-mus\u00e8u-esc\u00f2la-300x200.jpg 300w, https:\/\/www.conselharan.org\/wp-content\/uploads\/2016\/08\/petit-mus\u00e8u-esc\u00f2la-768x512.jpg 768w\" sizes=\"(max-width: 1024px) 100vw, 1024px\" \/><\/p>\n<p>&nbsp;<\/p>\n<p>En el municipio de Arr\u00f2s y Vila hab\u00eda dos escuelas. La primera se encontraba situada en la Casa del Se\u00f1or de Arr\u00f2s, actual sede del Archivo General de Aran, y la segunda en un edificio del pueblo de Vila. Estas funcionaron hasta el curso escolar 1974-1975. A partir de este momento los alumnos fueron a estudiar a Vielha.<\/p>\n<p>Los interesados en visitarlo se tienen que dirigir al Archivo General de Aran (Arr\u00f2s) donde se les informar\u00e1 sobre los d\u00edas y horas de visita o bien en el tel\u00e9fono: 973 64 25 69.<\/p>\n<p>&nbsp;<\/p>\n<p>&nbsp;<\/p>\n<p>&nbsp;<\/p>\n<p>Vielha, 19 de agosto de 2016<\/p>\n<p>&nbsp;<\/p>\n<p><em>Conselh Generau d&#8217;Aran: N\u00faria Sanjuan<\/em><\/p>\n ","protected":false},"excerpt":{"rendered":"<p>El Conselh Generau d\u2019Aran, a trav\u00e9s de Museos de la Val d\u2019Aran y el Archivo General de Aran, apoya esta iniciativa de la Entidad Municipal Descentralizada de Arr\u00f2s y Vila &nbsp; &nbsp; El \u00abPeque\u00f1o Museo de la Escuela\u00bb es una iniciativa de la EMD de Arr\u00f2s i Vila que quiere dar a conocer como era&#8230;<\/p>\n","protected":false},"author":2,"featured_media":13612,"comment_status":"closed","ping_status":"closed","sticky":false,"template":"","format":"standard","meta":{"footnotes":""},"categories":[34],"tags":[],"_links":{"self":[{"href":"https:\/\/www.conselharan.org\/es\/wp-json\/wp\/v2\/posts\/13618"}],"collection":[{"href":"https:\/\/www.conselharan.org\/es\/wp-json\/wp\/v2\/posts"}],"about":[{"href":"https:\/\/www.conselharan.org\/es\/wp-json\/wp\/v2\/types\/post"}],"author":[{"embeddable":true,"href":"https:\/\/www.conselharan.org\/es\/wp-json\/wp\/v2\/users\/2"}],"replies":[{"embeddable":true,"href":"https:\/\/www.conselharan.org\/es\/wp-json\/wp\/v2\/comments?post=13618"}],"version-history":[{"count":1,"href":"https:\/\/www.conselharan.org\/es\/wp-json\/wp\/v2\/posts\/13618\/revisions"}],"predecessor-version":[{"id":13619,"href":"https:\/\/www.conselharan.org\/es\/wp-json\/wp\/v2\/posts\/13618\/revisions\/13619"}],"wp:featuredmedia":[{"embeddable":true,"href":"https:\/\/www.conselharan.org\/es\/wp-json\/wp\/v2\/media\/13612"}],"wp:attachment":[{"href":"https:\/\/www.conselharan.org\/es\/wp-json\/wp\/v2\/media?parent=13618"}],"wp:term":[{"taxonomy":"category","embeddable":true,"href":"https:\/\/www.conselharan.org\/es\/wp-json\/wp\/v2\/categories?post=13618"},{"taxonomy":"post_tag","embeddable":true,"href":"https:\/\/www.conselharan.org\/es\/wp-json\/wp\/v2\/tags?post=13618"}],"curies":[{"name":"wp","href":"https:\/\/api.w.org\/{rel}","templated":true}]}}