{"id":13740,"date":"2016-08-28T15:48:38","date_gmt":"2016-08-28T13:48:38","guid":{"rendered":"http:\/\/www.conselharan.org\/es\/?p=13740"},"modified":"2016-08-28T15:49:06","modified_gmt":"2016-08-28T13:49:06","slug":"500-participantes-en-la-xx-edicion-de-la-carrera-de-los-15-pueblos","status":"publish","type":"post","link":"https:\/\/www.conselharan.org\/es\/500-participantes-en-la-xx-edicion-de-la-carrera-de-los-15-pueblos\/","title":{"rendered":"500 participantes en la XX edici\u00f3n de la \u201cCarrera de los 15 pueblos\u201d"},"content":{"rendered":"<p><strong>\u2022 La prueba se pod\u00eda realizar andando o corriendo en los circuitos de cuatro distancias: 21 Km, 15 Km y 5 Km, a\u00f1adiendo este a\u00f1o como novedad un circuito nuevo de 11 Km.<\/strong><\/p>\n<p><img loading=\"lazy\" decoding=\"async\" class=\"aligncenter size-full wp-image-13723\" src=\"http:\/\/www.conselharan.org\/wp-content\/uploads\/2016\/08\/2016-08-28_MG_2970-Jan-R\u00f6le-copia.jpg\" alt=\"2016-08-28_MG_2970 (Jan R\u00f6le) - copia\" width=\"427\" height=\"640\" srcset=\"https:\/\/www.conselharan.org\/wp-content\/uploads\/2016\/08\/2016-08-28_MG_2970-Jan-R\u00f6le-copia.jpg 427w, https:\/\/www.conselharan.org\/wp-content\/uploads\/2016\/08\/2016-08-28_MG_2970-Jan-R\u00f6le-copia-200x300.jpg 200w\" sizes=\"(max-width: 427px) 100vw, 427px\" \/><\/p>\n<p><em>\u00a0 \u00a0 \u00a0 \u00a0 \u00a0 \u00a0 \u00a0 \u00a0 \u00a0 \u00a0 \u00a0 \u00a0 \u00a0 \u00a0 \u00a0 \u00a0 \u00a0 \u00a0 \u00a0 \u00a0 \u00a0 \u00a0 \u00a0 \u00a0 \u00a0 \u00a0 \u00a0 \u00a0 \u00a0 \u00a0 \u00a0 \u00a0 \u00a0 \u00a0 \u00a0 \u00a0 \u00a0 \u00a0 \u00a0 \u00a0 \u00a0 \u00a0 \u00a0Foto: Jan R\u00f6le<\/em><\/p>\n<p>&nbsp;<\/p>\n<p>500 corredores han participado en la XX edici\u00f3n de la Carrera de los 15 pueblos, organizada por la <strong>Asociaci\u00f3n de Voluntarios Val d\u2019Aran<\/strong> y con la colaboraci\u00f3n del Conselh Generau d\u2019Aran, Ayuntamiento de Vielha y Mijaran y Diputaci\u00f3n de Lleida, adem\u00e1s del resto de Ayuntamientos y Entidades Municipales Descentralizadas por donde se desarrolla la Carrera.<\/p>\n<p><img loading=\"lazy\" decoding=\"async\" class=\"aligncenter size-large wp-image-13726\" src=\"http:\/\/www.conselharan.org\/wp-content\/uploads\/2016\/08\/DSC_0939-1024x685.jpg\" alt=\"DSC_0939\" width=\"1024\" height=\"685\" srcset=\"https:\/\/www.conselharan.org\/wp-content\/uploads\/2016\/08\/DSC_0939-1024x685.jpg 1024w, https:\/\/www.conselharan.org\/wp-content\/uploads\/2016\/08\/DSC_0939-300x201.jpg 300w, https:\/\/www.conselharan.org\/wp-content\/uploads\/2016\/08\/DSC_0939-768x514.jpg 768w\" sizes=\"(max-width: 1024px) 100vw, 1024px\" \/><\/p>\n<p>&nbsp;<\/p>\n<p>El acto de entrega de premios ha contado con la presencia del vicesindic de Aran y conselh\u00e8r de Deportes, <strong>Luis Carlos Medina<\/strong>.<\/p>\n<p>&nbsp;<\/p>\n<p><img loading=\"lazy\" decoding=\"async\" class=\"aligncenter size-full wp-image-13724\" src=\"http:\/\/www.conselharan.org\/wp-content\/uploads\/2016\/08\/2016-08-28_MG_3662-Hug-de-la-Rosa-copia.jpg\" alt=\"2016-08-28_MG_3662 (Hug de la Rosa) - copia\" width=\"640\" height=\"427\" srcset=\"https:\/\/www.conselharan.org\/wp-content\/uploads\/2016\/08\/2016-08-28_MG_3662-Hug-de-la-Rosa-copia.jpg 640w, https:\/\/www.conselharan.org\/wp-content\/uploads\/2016\/08\/2016-08-28_MG_3662-Hug-de-la-Rosa-copia-300x200.jpg 300w\" sizes=\"(max-width: 640px) 100vw, 640px\" \/><\/p>\n<p><em>\u00a0 \u00a0 \u00a0 \u00a0 \u00a0 \u00a0 \u00a0 \u00a0 \u00a0 \u00a0 \u00a0 \u00a0 \u00a0 \u00a0 \u00a0 \u00a0 \u00a0 \u00a0 \u00a0 \u00a0 \u00a0 \u00a0 \u00a0 \u00a0 \u00a0 \u00a0 \u00a0 \u00a0 \u00a0 \u00a0Foto: Hug de la Rosa<\/em><\/p>\n<p>&nbsp;<\/p>\n<p>La prueba se pod\u00eda hacer andando o corriendo en los circuitos de cuatro distancias: 21 Km, 15 Km y 5 Km, a\u00f1adiendo este a\u00f1o como novedad un circuito nuevo de 11 Km.<\/p>\n<p><img loading=\"lazy\" decoding=\"async\" class=\"aligncenter size-full wp-image-13725\" src=\"http:\/\/www.conselharan.org\/wp-content\/uploads\/2016\/08\/2016-08-28_MG_3689-Hug-de-la-Rosa-copia.jpg\" alt=\"2016-08-28_MG_3689 (Hug de la Rosa) - copia\" width=\"640\" height=\"427\" srcset=\"https:\/\/www.conselharan.org\/wp-content\/uploads\/2016\/08\/2016-08-28_MG_3689-Hug-de-la-Rosa-copia.jpg 640w, https:\/\/www.conselharan.org\/wp-content\/uploads\/2016\/08\/2016-08-28_MG_3689-Hug-de-la-Rosa-copia-300x200.jpg 300w\" sizes=\"(max-width: 640px) 100vw, 640px\" \/><\/p>\n<p><em>\u00a0 \u00a0 \u00a0 \u00a0 \u00a0 \u00a0 \u00a0 \u00a0 \u00a0 \u00a0 \u00a0 \u00a0 \u00a0 \u00a0 \u00a0 \u00a0 \u00a0 \u00a0 \u00a0 \u00a0 \u00a0 \u00a0 \u00a0 \u00a0 \u00a0 \u00a0 \u00a0 \u00a0 \u00a0 \u00a0 \u00a0 Foto: Hug de la Rosa<\/em><\/p>\n<p>&nbsp;<\/p>\n<p>Los recorridos se han desarrollado por los diferentes pueblos de la zona del Bajo y Medio Aran, con inicio en Es B\u00f2rdes y final en Vielha, a excepci\u00f3n de la de 5 Km que es la carrera juvenil y sale desde Montcorbau, a pesar de que tambi\u00e9n est\u00e1 abierta a todos los p\u00fablicos que la quieran hacer.<\/p>\n<p><img loading=\"lazy\" decoding=\"async\" class=\"aligncenter size-large wp-image-13730\" src=\"http:\/\/www.conselharan.org\/wp-content\/uploads\/2016\/08\/DSC_0922-1024x685.jpg\" alt=\"DSC_0922\" width=\"1024\" height=\"685\" srcset=\"https:\/\/www.conselharan.org\/wp-content\/uploads\/2016\/08\/DSC_0922-1024x685.jpg 1024w, https:\/\/www.conselharan.org\/wp-content\/uploads\/2016\/08\/DSC_0922-300x201.jpg 300w, https:\/\/www.conselharan.org\/wp-content\/uploads\/2016\/08\/DSC_0922-768x514.jpg 768w\" sizes=\"(max-width: 1024px) 100vw, 1024px\" \/><\/p>\n<p><img loading=\"lazy\" decoding=\"async\" class=\"aligncenter size-large wp-image-13728\" src=\"http:\/\/www.conselharan.org\/wp-content\/uploads\/2016\/08\/DSC_0912-922x1024.jpg\" alt=\"DSC_0912\" width=\"922\" height=\"1024\" srcset=\"https:\/\/www.conselharan.org\/wp-content\/uploads\/2016\/08\/DSC_0912-922x1024.jpg 922w, https:\/\/www.conselharan.org\/wp-content\/uploads\/2016\/08\/DSC_0912-270x300.jpg 270w, https:\/\/www.conselharan.org\/wp-content\/uploads\/2016\/08\/DSC_0912-768x853.jpg 768w\" sizes=\"(max-width: 922px) 100vw, 922px\" \/><\/p>\n<p>&nbsp;<\/p>\n<p><strong>CLASIFICACIONES \u201cXX Carrera de los 15 pueblos\u201d:<\/strong><\/p>\n<ul>\n<li><strong>CARRERA 21 Km:<\/strong><\/li>\n<\/ul>\n<p>Carrera 21,50 Km: 1300m de subida y 1200 de bajada. N\u00famero de subidas fuertes: 3<\/p>\n<p>Categor\u00eda masculina<br \/>\n&#8211; 1\u00ba Jordi Garcia Ruiz<br \/>\n&#8211; 2\u00ba Carles Martin Ramirez<br \/>\n&#8211; 3\u00ba Javier Mora Aranda<\/p>\n<p>Categor\u00eda femenina<br \/>\n&#8211; 1\u00aa S\u00edlvia Puigarnau Coma<br \/>\n&#8211; 2\u00aa Sara D\u00edaz Martin<br \/>\n&#8211; 3\u00aa Monica Olivan de la Iglesia<\/p>\n<ul>\n<li><strong>Carrera 15 Pueblos 21 Km- Especial menores de 20 a\u00f1os<\/strong><\/li>\n<\/ul>\n<p>&#8211; 1\u00ba Carles Gregori Ruiz<br \/>\n&#8211; 2\u00ba Fran Nart Castet<br \/>\n&#8211; 3\u00ba Carlos Marin Navarro<\/p>\n<ul>\n<li><strong>Carrera 15 Pueblos Veteranos mayores de 45 a\u00f1os<\/strong><\/li>\n<\/ul>\n<p>Categor\u00eda masculina:<br \/>\n&#8211; 1\u00ba Carles Martin Ramirez<br \/>\n&#8211; 2\u00ba David Julia Navarro<br \/>\n&#8211; 3\u00ba Alejandro Alfageme Carrera<\/p>\n<p>Categor\u00eda femenina:<br \/>\n&#8211; 1\u00aa Jackie Pedrola B.<br \/>\n&#8211; 2\u00aa Chantal Darroux<br \/>\n&#8211; 3\u00aa Lou Muntanyola Vargas<\/p>\n<ul>\n<li><strong>Trofeo Arturo Riba &#8211; Carrera 11 Km<\/strong><\/li>\n<\/ul>\n<p>Carrera de 11,20 Km. Desnivel acumulado positivo 520 m. N\u00famero de subidas fuertes: 2<\/p>\n<p>Categor\u00eda masculina:<br \/>\n&#8211; 1\u00ba Paco Ariza Quintana<br \/>\n&#8211; 2\u00ba Jordi Bayer Alsina<br \/>\n&#8211; 3\u00ba Juan Cau Mora<\/p>\n<p>Categor\u00eda femenina:<br \/>\n&#8211; 1\u00aa Cristina Vilar Diaz<br \/>\n&#8211; 2\u00aa Alexia Estany Lucas<br \/>\n&#8211; 3\u00aa \u00c0ngels Rovira Gibert<\/p>\n<p>&nbsp;<\/p>\n<ul>\n<li><strong>Trofeo Roland Gin\u00e9- Carrera Juvenil<\/strong><\/li>\n<\/ul>\n<p>&nbsp;<\/p>\n<p><img loading=\"lazy\" decoding=\"async\" class=\"aligncenter size-large wp-image-13729\" src=\"http:\/\/www.conselharan.org\/wp-content\/uploads\/2016\/08\/DSC_0928-1024x685.jpg\" alt=\"DSC_0928\" width=\"1024\" height=\"685\" srcset=\"https:\/\/www.conselharan.org\/wp-content\/uploads\/2016\/08\/DSC_0928-1024x685.jpg 1024w, https:\/\/www.conselharan.org\/wp-content\/uploads\/2016\/08\/DSC_0928-300x201.jpg 300w, https:\/\/www.conselharan.org\/wp-content\/uploads\/2016\/08\/DSC_0928-768x514.jpg 768w\" sizes=\"(max-width: 1024px) 100vw, 1024px\" \/><\/p>\n<p>&nbsp;<\/p>\n<p>Carrera Juvenil de monta\u00f1a de corto recorrido. 5Km, 200 m de bajada. Carrera para los nacidos el a\u00f1o 2000 y siguientes<\/p>\n<p>Categor\u00eda masculina:<br \/>\n&#8211; 1\u00ba Jordi Bernat Cristofol<br \/>\n&#8211; 2\u00ba Eric Fern\u00e1ndez Caubet<br \/>\n&#8211; 3\u00ba Jonatan Oreiro Ruiz<\/p>\n<p>&nbsp;<\/p>\n<p><img loading=\"lazy\" decoding=\"async\" class=\"aligncenter size-large wp-image-13727\" src=\"http:\/\/www.conselharan.org\/wp-content\/uploads\/2016\/08\/DSC_0934-1024x685.jpg\" alt=\"DSC_0934\" width=\"1024\" height=\"685\" srcset=\"https:\/\/www.conselharan.org\/wp-content\/uploads\/2016\/08\/DSC_0934-1024x685.jpg 1024w, https:\/\/www.conselharan.org\/wp-content\/uploads\/2016\/08\/DSC_0934-300x201.jpg 300w, https:\/\/www.conselharan.org\/wp-content\/uploads\/2016\/08\/DSC_0934-768x514.jpg 768w\" sizes=\"(max-width: 1024px) 100vw, 1024px\" \/><\/p>\n<p>&nbsp;<\/p>\n<p>Categor\u00eda femenina:<br \/>\n&#8211; 1\u00aa Naia Gonzalez Tubau<br \/>\n&#8211; 2\u00aa Victoria L\u00f3pez Sambeat<br \/>\n&#8211; 3\u00aa Aran Bonillo Puebla<\/p>\n<p>&nbsp;<\/p>\n<p>Pod\u00e9is consultar las clasificaciones en: \u00a0<a href=\"http:\/\/www.corsa15pobles.org\" target=\"_blank\">www.corsa15pobles.org<\/a><\/p>\n<p>&nbsp;<\/p>\n<p>&nbsp;<\/p>\n<p>&nbsp;<\/p>\n<p>Vielha, 28 de agosto de 2016<\/p>\n<p>&nbsp;<\/p>\n<p><em>Conselh Generau d&#8217;Aran: N\u00faria Sanjuan<\/em><\/p>\n<p>&nbsp;<\/p>\n ","protected":false},"excerpt":{"rendered":"<p>\u2022 La prueba se pod\u00eda realizar andando o corriendo en los circuitos de cuatro distancias: 21 Km, 15 Km y 5 Km, a\u00f1adiendo este a\u00f1o como novedad un circuito nuevo de 11 Km. \u00a0 \u00a0 \u00a0 \u00a0 \u00a0 \u00a0 \u00a0 \u00a0 \u00a0 \u00a0 \u00a0 \u00a0 \u00a0 \u00a0 \u00a0 \u00a0 \u00a0 \u00a0 \u00a0 \u00a0 \u00a0 \u00a0&#8230;<\/p>\n","protected":false},"author":2,"featured_media":13723,"comment_status":"closed","ping_status":"closed","sticky":false,"template":"","format":"standard","meta":{"footnotes":""},"categories":[34],"tags":[],"_links":{"self":[{"href":"https:\/\/www.conselharan.org\/es\/wp-json\/wp\/v2\/posts\/13740"}],"collection":[{"href":"https:\/\/www.conselharan.org\/es\/wp-json\/wp\/v2\/posts"}],"about":[{"href":"https:\/\/www.conselharan.org\/es\/wp-json\/wp\/v2\/types\/post"}],"author":[{"embeddable":true,"href":"https:\/\/www.conselharan.org\/es\/wp-json\/wp\/v2\/users\/2"}],"replies":[{"embeddable":true,"href":"https:\/\/www.conselharan.org\/es\/wp-json\/wp\/v2\/comments?post=13740"}],"version-history":[{"count":2,"href":"https:\/\/www.conselharan.org\/es\/wp-json\/wp\/v2\/posts\/13740\/revisions"}],"predecessor-version":[{"id":13742,"href":"https:\/\/www.conselharan.org\/es\/wp-json\/wp\/v2\/posts\/13740\/revisions\/13742"}],"wp:featuredmedia":[{"embeddable":true,"href":"https:\/\/www.conselharan.org\/es\/wp-json\/wp\/v2\/media\/13723"}],"wp:attachment":[{"href":"https:\/\/www.conselharan.org\/es\/wp-json\/wp\/v2\/media?parent=13740"}],"wp:term":[{"taxonomy":"category","embeddable":true,"href":"https:\/\/www.conselharan.org\/es\/wp-json\/wp\/v2\/categories?post=13740"},{"taxonomy":"post_tag","embeddable":true,"href":"https:\/\/www.conselharan.org\/es\/wp-json\/wp\/v2\/tags?post=13740"}],"curies":[{"name":"wp","href":"https:\/\/api.w.org\/{rel}","templated":true}]}}