{"id":13752,"date":"2016-08-28T18:00:13","date_gmt":"2016-08-28T16:00:13","guid":{"rendered":"http:\/\/www.conselharan.org\/es\/?p=13752"},"modified":"2016-08-28T16:34:54","modified_gmt":"2016-08-28T14:34:54","slug":"el-sindic-de-aran-asiste-a-los-actos-del-viii-encuentro-de-veteranos-de-la-compania-de-esquiadores-y-escaladores-de-vielha","status":"publish","type":"post","link":"https:\/\/www.conselharan.org\/es\/el-sindic-de-aran-asiste-a-los-actos-del-viii-encuentro-de-veteranos-de-la-compania-de-esquiadores-y-escaladores-de-vielha\/","title":{"rendered":"El sindic de Aran asiste a los actos del VIII encuentro de Veteranos de la compa\u00f1\u00eda de Esquiadores y Escaladores de Vielha"},"content":{"rendered":"<p><img loading=\"lazy\" decoding=\"async\" class=\"aligncenter size-large wp-image-13748\" src=\"http:\/\/www.conselharan.org\/wp-content\/uploads\/2016\/08\/DSC_0898-1024x534.jpg\" alt=\"DSC_0898\" width=\"1024\" height=\"534\" srcset=\"https:\/\/www.conselharan.org\/wp-content\/uploads\/2016\/08\/DSC_0898-1024x534.jpg 1024w, https:\/\/www.conselharan.org\/wp-content\/uploads\/2016\/08\/DSC_0898-300x156.jpg 300w, https:\/\/www.conselharan.org\/wp-content\/uploads\/2016\/08\/DSC_0898-768x400.jpg 768w\" sizes=\"(max-width: 1024px) 100vw, 1024px\" \/><\/p>\n<p>&nbsp;<\/p>\n<p>Un a\u00f1o m\u00e1s, la Val d\u2019Aran ha acogido el encuentro de Veteranos de la compa\u00f1\u00eda de Esquiadores y Escaladores de Vielha donde durante todo el fin de semana se han realizado diferentes actos.<\/p>\n<p>&nbsp;<\/p>\n<p><img loading=\"lazy\" decoding=\"async\" class=\"aligncenter size-large wp-image-13745\" src=\"http:\/\/www.conselharan.org\/wp-content\/uploads\/2016\/08\/DSC_0769-1024x685.jpg\" alt=\"DSC_0769\" width=\"1024\" height=\"685\" srcset=\"https:\/\/www.conselharan.org\/wp-content\/uploads\/2016\/08\/DSC_0769-1024x685.jpg 1024w, https:\/\/www.conselharan.org\/wp-content\/uploads\/2016\/08\/DSC_0769-300x201.jpg 300w, https:\/\/www.conselharan.org\/wp-content\/uploads\/2016\/08\/DSC_0769-768x514.jpg 768w\" sizes=\"(max-width: 1024px) 100vw, 1024px\" \/><\/p>\n<p>&nbsp;<\/p>\n<p>El sindic de Aran, <strong>Carlos Barrera<\/strong>, ha asistido al acto de homenaje donde se han reunido m\u00e1s de un centenar de veteranos de la compa\u00f1\u00eda de Esquiadores y Escaladores de Vielha y autoridades.<\/p>\n<p>&nbsp;<\/p>\n<p><img loading=\"lazy\" decoding=\"async\" class=\"aligncenter size-large wp-image-13746\" src=\"http:\/\/www.conselharan.org\/wp-content\/uploads\/2016\/08\/DSC_0809-1024x685.jpg\" alt=\"DSC_0809\" width=\"1024\" height=\"685\" srcset=\"https:\/\/www.conselharan.org\/wp-content\/uploads\/2016\/08\/DSC_0809-1024x685.jpg 1024w, https:\/\/www.conselharan.org\/wp-content\/uploads\/2016\/08\/DSC_0809-300x201.jpg 300w, https:\/\/www.conselharan.org\/wp-content\/uploads\/2016\/08\/DSC_0809-768x514.jpg 768w\" sizes=\"(max-width: 1024px) 100vw, 1024px\" \/><\/p>\n<p><img loading=\"lazy\" decoding=\"async\" class=\"aligncenter size-large wp-image-13747\" src=\"http:\/\/www.conselharan.org\/wp-content\/uploads\/2016\/08\/DSC_0855-1024x685.jpg\" alt=\"DSC_0855\" width=\"1024\" height=\"685\" srcset=\"https:\/\/www.conselharan.org\/wp-content\/uploads\/2016\/08\/DSC_0855-1024x685.jpg 1024w, https:\/\/www.conselharan.org\/wp-content\/uploads\/2016\/08\/DSC_0855-300x201.jpg 300w, https:\/\/www.conselharan.org\/wp-content\/uploads\/2016\/08\/DSC_0855-768x514.jpg 768w\" sizes=\"(max-width: 1024px) 100vw, 1024px\" \/><\/p>\n<p>&nbsp;<\/p>\n<p>&nbsp;<\/p>\n<p>&nbsp;<\/p>\n<p>Vielha, 28 de agosto de 2016<\/p>\n<p>&nbsp;<\/p>\n<p><em>Conselh Generau d&#8217;Aran: N\u00faria Sanjuan<\/em><\/p>\n<p>&nbsp;<\/p>\n ","protected":false},"excerpt":{"rendered":"<p>&nbsp; Un a\u00f1o m\u00e1s, la Val d\u2019Aran ha acogido el encuentro de Veteranos de la compa\u00f1\u00eda de Esquiadores y Escaladores de Vielha donde durante todo el fin de semana se han realizado diferentes actos. &nbsp; &nbsp; El sindic de Aran, Carlos Barrera, ha asistido al acto de homenaje donde se han reunido m\u00e1s de un&#8230;<\/p>\n","protected":false},"author":2,"featured_media":13748,"comment_status":"closed","ping_status":"closed","sticky":false,"template":"","format":"standard","meta":{"footnotes":""},"categories":[34],"tags":[],"_links":{"self":[{"href":"https:\/\/www.conselharan.org\/es\/wp-json\/wp\/v2\/posts\/13752"}],"collection":[{"href":"https:\/\/www.conselharan.org\/es\/wp-json\/wp\/v2\/posts"}],"about":[{"href":"https:\/\/www.conselharan.org\/es\/wp-json\/wp\/v2\/types\/post"}],"author":[{"embeddable":true,"href":"https:\/\/www.conselharan.org\/es\/wp-json\/wp\/v2\/users\/2"}],"replies":[{"embeddable":true,"href":"https:\/\/www.conselharan.org\/es\/wp-json\/wp\/v2\/comments?post=13752"}],"version-history":[{"count":1,"href":"https:\/\/www.conselharan.org\/es\/wp-json\/wp\/v2\/posts\/13752\/revisions"}],"predecessor-version":[{"id":13753,"href":"https:\/\/www.conselharan.org\/es\/wp-json\/wp\/v2\/posts\/13752\/revisions\/13753"}],"wp:featuredmedia":[{"embeddable":true,"href":"https:\/\/www.conselharan.org\/es\/wp-json\/wp\/v2\/media\/13748"}],"wp:attachment":[{"href":"https:\/\/www.conselharan.org\/es\/wp-json\/wp\/v2\/media?parent=13752"}],"wp:term":[{"taxonomy":"category","embeddable":true,"href":"https:\/\/www.conselharan.org\/es\/wp-json\/wp\/v2\/categories?post=13752"},{"taxonomy":"post_tag","embeddable":true,"href":"https:\/\/www.conselharan.org\/es\/wp-json\/wp\/v2\/tags?post=13752"}],"curies":[{"name":"wp","href":"https:\/\/api.w.org\/{rel}","templated":true}]}}