{"id":13779,"date":"2016-09-01T15:46:47","date_gmt":"2016-09-01T13:46:47","guid":{"rendered":"http:\/\/www.conselharan.org\/es\/la-fondista-aranesa-maria-iglesias-seleccionada-per-la-rfedi\/"},"modified":"2016-09-01T15:47:49","modified_gmt":"2016-09-01T13:47:49","slug":"la-fondista-aranesa-maria-iglesias-seleccionada-per-la-rfedi","status":"publish","type":"post","link":"https:\/\/www.conselharan.org\/es\/la-fondista-aranesa-maria-iglesias-seleccionada-per-la-rfedi\/","title":{"rendered":"La fondista aranesa, Maria Iglesias, seleccionada per la RFEDI"},"content":{"rendered":"<p><img loading=\"lazy\" decoding=\"async\" class=\"aligncenter size-large wp-image-13775\" src=\"http:\/\/www.conselharan.org\/wp-content\/uploads\/2016\/09\/maria-i-1024x683.jpg\" alt=\"maria i\" width=\"1024\" height=\"683\" srcset=\"https:\/\/www.conselharan.org\/wp-content\/uploads\/2016\/09\/maria-i-1024x683.jpg 1024w, https:\/\/www.conselharan.org\/wp-content\/uploads\/2016\/09\/maria-i-300x200.jpg 300w, https:\/\/www.conselharan.org\/wp-content\/uploads\/2016\/09\/maria-i-768x512.jpg 768w, https:\/\/www.conselharan.org\/wp-content\/uploads\/2016\/09\/maria-i.jpg 2048w\" sizes=\"(max-width: 1024px) 100vw, 1024px\" \/><\/p>\n<p>&nbsp;<\/p>\n<p>La jove fondista aranesa de l\u2019equip de tecnificaci\u00f3 catal\u00e0 de la<strong> FCEH<\/strong>, <strong>Maria Iglesias<\/strong> (ANEC), ha estat seleccionada per la RFEDI per a la concentraci\u00f3 del 4 a l\u201911 a Ramsau (AUT).<\/p>\n<p>Segons la <strong>RFEDI, l\u2019objectiu d\u2019aquesta concentraci\u00f3 de seguiment a Ramsau \u00e9s testar i col\u2022laborar en la programaci\u00f3 esportiva dels joves de la disciplina d\u2019esqu\u00ed de fons.<\/strong><\/p>\n<p>&nbsp;<\/p>\n<p>&nbsp;<\/p>\n<p>&nbsp;<\/p>\n<p>Vielha, 1 de setembre de 2016<\/p>\n<p>&nbsp;<\/p>\n<p><em>Conselh Generau d&#8217;Aran: N\u00faria Sanjuan<\/em><\/p>\n<p><em>Font: FCEH<\/em><\/p>\n ","protected":false},"excerpt":{"rendered":"<p>&nbsp; La jove fondista aranesa de l\u2019equip de tecnificaci\u00f3 catal\u00e0 de la FCEH, Maria Iglesias (ANEC), ha estat seleccionada per la RFEDI per a la concentraci\u00f3 del 4 a l\u201911 a Ramsau (AUT). Segons la RFEDI, l\u2019objectiu d\u2019aquesta concentraci\u00f3 de seguiment a Ramsau \u00e9s testar i col\u2022laborar en la programaci\u00f3 esportiva dels joves de la&#8230;<\/p>\n","protected":false},"author":2,"featured_media":13774,"comment_status":"closed","ping_status":"closed","sticky":false,"template":"","format":"standard","meta":{"footnotes":""},"categories":[34],"tags":[],"_links":{"self":[{"href":"https:\/\/www.conselharan.org\/es\/wp-json\/wp\/v2\/posts\/13779"}],"collection":[{"href":"https:\/\/www.conselharan.org\/es\/wp-json\/wp\/v2\/posts"}],"about":[{"href":"https:\/\/www.conselharan.org\/es\/wp-json\/wp\/v2\/types\/post"}],"author":[{"embeddable":true,"href":"https:\/\/www.conselharan.org\/es\/wp-json\/wp\/v2\/users\/2"}],"replies":[{"embeddable":true,"href":"https:\/\/www.conselharan.org\/es\/wp-json\/wp\/v2\/comments?post=13779"}],"version-history":[{"count":1,"href":"https:\/\/www.conselharan.org\/es\/wp-json\/wp\/v2\/posts\/13779\/revisions"}],"predecessor-version":[{"id":13780,"href":"https:\/\/www.conselharan.org\/es\/wp-json\/wp\/v2\/posts\/13779\/revisions\/13780"}],"wp:featuredmedia":[{"embeddable":true,"href":"https:\/\/www.conselharan.org\/es\/wp-json\/wp\/v2\/media\/13774"}],"wp:attachment":[{"href":"https:\/\/www.conselharan.org\/es\/wp-json\/wp\/v2\/media?parent=13779"}],"wp:term":[{"taxonomy":"category","embeddable":true,"href":"https:\/\/www.conselharan.org\/es\/wp-json\/wp\/v2\/categories?post=13779"},{"taxonomy":"post_tag","embeddable":true,"href":"https:\/\/www.conselharan.org\/es\/wp-json\/wp\/v2\/tags?post=13779"}],"curies":[{"name":"wp","href":"https:\/\/api.w.org\/{rel}","templated":true}]}}