{"id":13788,"date":"2016-09-02T12:39:11","date_gmt":"2016-09-02T10:39:11","guid":{"rendered":"http:\/\/www.conselharan.org\/es\/?p=13788"},"modified":"2016-09-02T12:58:00","modified_gmt":"2016-09-02T10:58:00","slug":"la-val-daran-aumenta-la-ocupacion-turistica-un-5-mas-que-en-2015","status":"publish","type":"post","link":"https:\/\/www.conselharan.org\/es\/la-val-daran-aumenta-la-ocupacion-turistica-un-5-mas-que-en-2015\/","title":{"rendered":"La Val d\u2019Aran aumenta la ocupaci\u00f3n tur\u00edstica un 5% m\u00e1s que en 2015"},"content":{"rendered":"<p><strong>La Val d\u2019Aran sigue creciendo tur\u00edsticamente en verano.<\/strong><\/p>\n<p>&nbsp;<\/p>\n<p><img loading=\"lazy\" decoding=\"async\" class=\"aligncenter size-large wp-image-13782\" src=\"http:\/\/www.conselharan.org\/wp-content\/uploads\/2016\/09\/DSC_0997-1024x685.jpg\" alt=\"DSC_0997\" width=\"1024\" height=\"685\" srcset=\"https:\/\/www.conselharan.org\/wp-content\/uploads\/2016\/09\/DSC_0997-1024x685.jpg 1024w, https:\/\/www.conselharan.org\/wp-content\/uploads\/2016\/09\/DSC_0997-300x201.jpg 300w, https:\/\/www.conselharan.org\/wp-content\/uploads\/2016\/09\/DSC_0997-768x514.jpg 768w\" sizes=\"(max-width: 1024px) 100vw, 1024px\" \/><\/p>\n<p>&nbsp;<\/p>\n<p>La conselh\u00e8ra de Turismo y Desarrollo Econ\u00f3mico de Aran, <strong>Anna D\u00edaz<\/strong>, ha hecho un balance de la temporada de verano en la Val d\u2019Aran d\u00f3nde ha registrado un incremento de 5 puntos respecto al a\u00f1o 2015 y 13 puntos m\u00e1s que el a\u00f1o 2014 en cuanto a ocupaci\u00f3n hotelera.<\/p>\n<p>En cuanto a segundas residencias, restaurantes y comercios se estima que han incrementado su actividad en casi un 10%.<\/p>\n<p>El servicio de informaci\u00f3n y acogida del visitante, las oficinas de turismo han atendido a m\u00e1s de 45.000 turistas.<\/p>\n<p>&nbsp;<\/p>\n<p><strong>Puente de San Juan- Fiestas del Fuego Patrimonio de la Humanidad<\/strong><\/p>\n<p>La temporada de verano empez\u00f3 con el puente de San Juan en el mes de junio que este a\u00f1o coincid\u00eda adem\u00e1s con la declaraci\u00f3n por la Unesco de las fiestas del Fuego (Arties y Les) como Patrimonio de la Humanidad. El mes de junio, la Val d\u2019Aran registr\u00f3 un aumento de 9 puntos respecto al a\u00f1o 2015.<\/p>\n<p>&nbsp;<\/p>\n<p><strong>Salida de una etapa del Tour de Francia<\/strong><\/p>\n<p>El mes de julio, la Val d\u2019Aran acogi\u00f3 la salida de una de las etapas del Tour de Francia cosa que permiti\u00f3 incrementar la ocupaci\u00f3n en la Val d\u2019Aran, donde s\u00f3lo aquel fin de semana, del 8 al 10 de julio, la ocupaci\u00f3n fue de un 95,4% y el impacto econ\u00f3mico total en pernoctaciones, restaurantes, comercios,&#8230; fue de 1,2 millones.<\/p>\n<p>&nbsp;<\/p>\n<p><strong>Prueba Piloto Tren de la Artiga de Lin<\/strong><\/p>\n<p>Este a\u00f1o se ha realizado una prueba piloto en la Artiga de Lin con limitaci\u00f3n de acceso motorizado a uno de los parajes m\u00e1s emblem\u00e1ticos y concurridos durante el verano en la Val d\u2019Aran donde se da la opci\u00f3n de subir a pie o bien con un trenecito. El tramo delimitado es de 2,8Km de 09h30 a 18h30 hasta el 12 de septiembre.<\/p>\n<p>En este acceso hay un punto de informaci\u00f3n donde del 27 de julio al 31 de agosto se han atendido a m\u00e1s de 20.000 personas.<\/p>\n<p>Con este aprueba piloto se ha evitado que unos 8.500 coches pasaran por este tramo de pista.<\/p>\n<p>En palabras de la conselh\u00e8ra de Turismo y Desarrollo Econ\u00f3mico de Aran,<strong> Anna D\u00edaz, \u201cla Val d\u2019Aran ha sido reconocida como un destino sostenible y responsable por las Naciones Unidas y consideramos que con esta prueba piloto del trenecito la gente puede disfrutar del paraje sin afluencias de coches y adem\u00e1s, sin duda se ha ganado en calidad medio ambiental\u201d.<\/strong><\/p>\n<p>&nbsp;<\/p>\n<p><strong>Aiguamoix- Ba\u00f1os de Tred\u00f2s: acceso a Colomers<\/strong><\/p>\n<p>En cuanto al acceso a Colomers, donde desde hace a\u00f1os el acceso motorizado tambi\u00e9n est\u00e1 restringido, en su punto de informaci\u00f3n se han atendido a 13.900 personas y el a\u00f1o 2015 se atendieron a: 8.212 personas.<\/p>\n<p>Aran Park y las actividades de Rafting y Aran Natura, han registrado entre un 8% y un 15% m\u00e1s de actividad.<\/p>\n<p>En cuanto a Baqueira, con el telesilla de Blanhiblar abierto, ha obtenido un 10% m\u00e1s de visitas principalmente el mes de agosto.<\/p>\n<p>&nbsp;<\/p>\n<p><strong>Carrera 15 pueblos<\/strong><\/p>\n<p>La carrera de los 15 pueblos, que este a\u00f1o ha celebrado su XX edici\u00f3n, se ha consolidado como un acontecimiento deportivo familiar.<\/p>\n<p>Este a\u00f1o ha contado con 500 inscritos, y un 65% de los inscritos ha sido gente de fuera de la Val d\u2019Aran procedentes del Pa\u00eds Vasco, Catalu\u00f1a, Valencia y Francia.<\/p>\n<p>En palabras de la conselh\u00e8ra, <strong>Anna D\u00edaz, \u201ccomo novedad para este oto\u00f1o se ha se\u00f1alizado la ruta de los 21km para que todo el mundo que quiera hacer este recorrido lo pueda hacer durante todo el a\u00f1o, ya sea para entrenar o para disfrutar del senderismo\u201d.<\/strong><\/p>\n<p>&nbsp;<\/p>\n<p><strong>Web de Turismo Val d\u2019Aran y redes sociales<\/strong><\/p>\n<p>La web de Turismo Val d\u2019Aran ha incrementado las visitas respecto al a\u00f1o 2015 en un 58%, destacando la procedencia de Barcelona o Par\u00eds.<\/p>\n<p>En cuanto a redes sociales, Facebook ha incrementado un 33%, Twitter un 24% e Instagram un 351%.<\/p>\n<p>&nbsp;<\/p>\n<p><strong>Inicio temporada de oto\u00f1o<\/strong><\/p>\n<p>A partir de mediados de septiembre, la Val d\u2019Aran empezar\u00e1 a coger los colores del oto\u00f1o, otro punto de atracci\u00f3n tur\u00edstica que junto con la recogida de setas pueden dar tambi\u00e9n buenas cifras tur\u00edsticas.<\/p>\n<p>Tambi\u00e9n estamos trabajando en la promoci\u00f3n de la temporada de invierno 2016-17 con campa\u00f1as tanto a nivel nacional como internacionales.<\/p>\n<p>La conselh\u00e8ra <strong>Anna D\u00edaz<\/strong> ha subrayado que \u201c<strong>la Val d\u2019Aran destaca para ofrecer un amplio abanico de actividades dirigidas al turismo familiar, senderismo y BTT, y las cifras demuestran que cada vez m\u00e1s se est\u00e1 desestacionalizando el turismo\u201d.<\/strong><\/p>\n<p>&nbsp;<\/p>\n<p>&nbsp;<\/p>\n<p>Vielha, 2 de septiembre de 2016<\/p>\n<p>&nbsp;<\/p>\n<p><em>Conselh Generau d&#8217;Aran: N\u00faria Sanjuan<\/em><\/p>\n ","protected":false},"excerpt":{"rendered":"<p>La Val d\u2019Aran sigue creciendo tur\u00edsticamente en verano. &nbsp; &nbsp; La conselh\u00e8ra de Turismo y Desarrollo Econ\u00f3mico de Aran, Anna D\u00edaz, ha hecho un balance de la temporada de verano en la Val d\u2019Aran d\u00f3nde ha registrado un incremento de 5 puntos respecto al a\u00f1o 2015 y 13 puntos m\u00e1s que el a\u00f1o 2014 en&#8230;<\/p>\n","protected":false},"author":2,"featured_media":13782,"comment_status":"closed","ping_status":"closed","sticky":false,"template":"","format":"standard","meta":{"footnotes":""},"categories":[52],"tags":[],"_links":{"self":[{"href":"https:\/\/www.conselharan.org\/es\/wp-json\/wp\/v2\/posts\/13788"}],"collection":[{"href":"https:\/\/www.conselharan.org\/es\/wp-json\/wp\/v2\/posts"}],"about":[{"href":"https:\/\/www.conselharan.org\/es\/wp-json\/wp\/v2\/types\/post"}],"author":[{"embeddable":true,"href":"https:\/\/www.conselharan.org\/es\/wp-json\/wp\/v2\/users\/2"}],"replies":[{"embeddable":true,"href":"https:\/\/www.conselharan.org\/es\/wp-json\/wp\/v2\/comments?post=13788"}],"version-history":[{"count":1,"href":"https:\/\/www.conselharan.org\/es\/wp-json\/wp\/v2\/posts\/13788\/revisions"}],"predecessor-version":[{"id":13789,"href":"https:\/\/www.conselharan.org\/es\/wp-json\/wp\/v2\/posts\/13788\/revisions\/13789"}],"wp:featuredmedia":[{"embeddable":true,"href":"https:\/\/www.conselharan.org\/es\/wp-json\/wp\/v2\/media\/13782"}],"wp:attachment":[{"href":"https:\/\/www.conselharan.org\/es\/wp-json\/wp\/v2\/media?parent=13788"}],"wp:term":[{"taxonomy":"category","embeddable":true,"href":"https:\/\/www.conselharan.org\/es\/wp-json\/wp\/v2\/categories?post=13788"},{"taxonomy":"post_tag","embeddable":true,"href":"https:\/\/www.conselharan.org\/es\/wp-json\/wp\/v2\/tags?post=13788"}],"curies":[{"name":"wp","href":"https:\/\/api.w.org\/{rel}","templated":true}]}}