{"id":13806,"date":"2016-09-05T14:04:04","date_gmt":"2016-09-05T12:04:04","guid":{"rendered":"http:\/\/www.conselharan.org\/es\/daurissen-4-airaus-de-picnic-dera-val-daran\/"},"modified":"2016-09-06T12:17:38","modified_gmt":"2016-09-06T10:17:38","slug":"daurissen-4-airaus-de-picnic-dera-val-daran","status":"publish","type":"post","link":"https:\/\/www.conselharan.org\/es\/daurissen-4-airaus-de-picnic-dera-val-daran\/","title":{"rendered":"Abren 4 \u00e1reas de picnic de la Val d\u2019Aran"},"content":{"rendered":"<p><img loading=\"lazy\" decoding=\"async\" class=\"aligncenter size-large wp-image-13804\" src=\"http:\/\/www.conselharan.org\/wp-content\/uploads\/2016\/09\/barbacoa-1024x685.jpg\" alt=\"barbacoa\" width=\"1024\" height=\"685\" srcset=\"https:\/\/www.conselharan.org\/wp-content\/uploads\/2016\/09\/barbacoa-1024x685.jpg 1024w, https:\/\/www.conselharan.org\/wp-content\/uploads\/2016\/09\/barbacoa-300x201.jpg 300w, https:\/\/www.conselharan.org\/wp-content\/uploads\/2016\/09\/barbacoa-768x514.jpg 768w, https:\/\/www.conselharan.org\/wp-content\/uploads\/2016\/09\/barbacoa.jpg 2048w\" sizes=\"(max-width: 1024px) 100vw, 1024px\" \/><\/p>\n<p>&nbsp;<\/p>\n<p>Debido de al riesgo de fuego por las altas temperaturas, los Agentes de Medio Natural de Aran precintaron a finales de agosto todas las \u00e1reas de picnic de la Val d&#8217;Aran para que la gente no hiciera fuego.<\/p>\n<p>El conselh\u00e8r de Agricultura, Ganader\u00eda y Medio Natural de Aran, <strong>Jose Enrique Arr\u00f3<\/strong>, comunica que ya se han abierto cuatro \u00e1reas de picnic y se puede hacer fuego en sus correspondientes barbacoas:<\/p>\n<p>&#8211; Palanca del Planhot (direcci\u00f3n Artiga de Lin)<br \/>\n&#8211; Pla Batalh\u00e8r<br \/>\n&#8211; Prat de Ponilh (Valarties)<br \/>\n&#8211; Conangles<\/p>\n<p>El resto de \u00e1reas de picnics siguen precintadas.<\/p>\n<p>&nbsp;<\/p>\n<p>&nbsp;<\/p>\n<p>&nbsp;<\/p>\n<p>Vielha, 5 de septiembre de 2016<\/p>\n<p>&nbsp;<\/p>\n<p><em>Conselh Generau d&#8217;Aran: N\u00faria Sanjuan<\/em><\/p>\n ","protected":false},"excerpt":{"rendered":"<p>&nbsp; Debido de al riesgo de fuego por las altas temperaturas, los Agentes de Medio Natural de Aran precintaron a finales de agosto todas las \u00e1reas de picnic de la Val d&#8217;Aran para que la gente no hiciera fuego. El conselh\u00e8r de Agricultura, Ganader\u00eda y Medio Natural de Aran, Jose Enrique Arr\u00f3, comunica que ya&#8230;<\/p>\n","protected":false},"author":2,"featured_media":13804,"comment_status":"closed","ping_status":"closed","sticky":false,"template":"","format":"standard","meta":{"footnotes":""},"categories":[52,126],"tags":[],"_links":{"self":[{"href":"https:\/\/www.conselharan.org\/es\/wp-json\/wp\/v2\/posts\/13806"}],"collection":[{"href":"https:\/\/www.conselharan.org\/es\/wp-json\/wp\/v2\/posts"}],"about":[{"href":"https:\/\/www.conselharan.org\/es\/wp-json\/wp\/v2\/types\/post"}],"author":[{"embeddable":true,"href":"https:\/\/www.conselharan.org\/es\/wp-json\/wp\/v2\/users\/2"}],"replies":[{"embeddable":true,"href":"https:\/\/www.conselharan.org\/es\/wp-json\/wp\/v2\/comments?post=13806"}],"version-history":[{"count":4,"href":"https:\/\/www.conselharan.org\/es\/wp-json\/wp\/v2\/posts\/13806\/revisions"}],"predecessor-version":[{"id":13824,"href":"https:\/\/www.conselharan.org\/es\/wp-json\/wp\/v2\/posts\/13806\/revisions\/13824"}],"wp:featuredmedia":[{"embeddable":true,"href":"https:\/\/www.conselharan.org\/es\/wp-json\/wp\/v2\/media\/13804"}],"wp:attachment":[{"href":"https:\/\/www.conselharan.org\/es\/wp-json\/wp\/v2\/media?parent=13806"}],"wp:term":[{"taxonomy":"category","embeddable":true,"href":"https:\/\/www.conselharan.org\/es\/wp-json\/wp\/v2\/categories?post=13806"},{"taxonomy":"post_tag","embeddable":true,"href":"https:\/\/www.conselharan.org\/es\/wp-json\/wp\/v2\/tags?post=13806"}],"curies":[{"name":"wp","href":"https:\/\/api.w.org\/{rel}","templated":true}]}}