{"id":13820,"date":"2016-09-06T11:47:46","date_gmt":"2016-09-06T09:47:46","guid":{"rendered":"http:\/\/www.conselharan.org\/es\/?p=13820"},"modified":"2016-09-06T11:48:02","modified_gmt":"2016-09-06T09:48:02","slug":"salida-para-conocer-mejor-los-ambientes-acuaticos-de-la-val-daran","status":"publish","type":"post","link":"https:\/\/www.conselharan.org\/es\/salida-para-conocer-mejor-los-ambientes-acuaticos-de-la-val-daran\/","title":{"rendered":"Salida para conocer mejor los ambientes acu\u00e1ticos de la Val d\u2019Aran"},"content":{"rendered":"<p><strong>\u2022 La salida tendr\u00e1 lugar este s\u00e1bado, d\u00eda 10 de septiembre, en el Plan de Beret.<\/strong><\/p>\n<p><strong>\u2022 Para la inscripci\u00f3n, s\u00f3lo hay que enviar un mail con vuestros datos a: <a href=\"mailto:c.madruga@aran.org\" target=\"_blank\">c.madruga@aran.org<\/a> o llamando al Conselh Generau d\u2019Aran, tel. 973 64 18 01 (Cristina Madruga).<\/strong><\/p>\n<p><img loading=\"lazy\" decoding=\"async\" class=\"aligncenter size-large wp-image-13816\" src=\"http:\/\/www.conselharan.org\/wp-content\/uploads\/2016\/09\/panneu_vegetacion_molleres-1024x768.jpg\" alt=\"panneu_vegetacion_molleres\" width=\"1024\" height=\"768\" srcset=\"https:\/\/www.conselharan.org\/wp-content\/uploads\/2016\/09\/panneu_vegetacion_molleres-1024x768.jpg 1024w, https:\/\/www.conselharan.org\/wp-content\/uploads\/2016\/09\/panneu_vegetacion_molleres-300x225.jpg 300w, https:\/\/www.conselharan.org\/wp-content\/uploads\/2016\/09\/panneu_vegetacion_molleres-768x576.jpg 768w\" sizes=\"(max-width: 1024px) 100vw, 1024px\" \/><\/p>\n<p>&nbsp;<\/p>\n<p>El <strong>Departamento de Agricultura, Ganader\u00eda y Medio Natural<\/strong> del Conselh Generau d\u2019Aran, ha organizado para el pr\u00f3ximo s\u00e1bado, d\u00eda 10 de septiembre, una salida para conocer mejor la vegetaci\u00f3n de los ambientes acu\u00e1ticos de monta\u00f1a de nuestro territorio.<\/p>\n<p>La salida ir\u00e1 a cargo del grupo de Geobot\u00e1nica y Cartograf\u00eda de la vegetaci\u00f3n de la Universidad de Barcelona y se enmarca dentro del proyecto<strong> LIFE + NATURA LIMNOPIRINEUS<\/strong>, del cual el Conselh Generau d\u2019Aran forma parte.<\/p>\n<p>Esta salida va dirigida a aquellas personas que tengan inter\u00e9s en ampliar su conocimiento en el medio natural, y no hay que tener conocimientos previos sobre las materias. Para la inscripci\u00f3n, s\u00f3lo hay que enviar un mail con vuestros datos a: <a href=\"mailto:c.madruga@aran.org\" target=\"_blank\">c.madruga@aran.org<\/a> o llamando al Conselh Generau d\u2019Aran, tel. 973 64 18 01 (Cristina Madruga).<\/p>\n<p>M\u00e1s informaci\u00f3n:<strong> <a href=\"http:\/\/www.lifelimnopirineus.eu\" target=\"_blank\">http:\/\/www.lifelimnopirineus.eu<\/a><\/strong><\/p>\n<p>&nbsp;<\/p>\n<p>&nbsp;<\/p>\n<p>Vielha, 6 de septiembre de 2016<\/p>\n<p>&nbsp;<\/p>\n<p><em>Conselh Generau d&#8217;Aran: N\u00faria Sanjuan<\/em><\/p>\n ","protected":false},"excerpt":{"rendered":"<p>\u2022 La salida tendr\u00e1 lugar este s\u00e1bado, d\u00eda 10 de septiembre, en el Plan de Beret. \u2022 Para la inscripci\u00f3n, s\u00f3lo hay que enviar un mail con vuestros datos a: c.madruga@aran.org o llamando al Conselh Generau d\u2019Aran, tel. 973 64 18 01 (Cristina Madruga). &nbsp; El Departamento de Agricultura, Ganader\u00eda y Medio Natural del Conselh&#8230;<\/p>\n","protected":false},"author":2,"featured_media":13816,"comment_status":"closed","ping_status":"closed","sticky":false,"template":"","format":"standard","meta":{"footnotes":""},"categories":[126,34],"tags":[],"_links":{"self":[{"href":"https:\/\/www.conselharan.org\/es\/wp-json\/wp\/v2\/posts\/13820"}],"collection":[{"href":"https:\/\/www.conselharan.org\/es\/wp-json\/wp\/v2\/posts"}],"about":[{"href":"https:\/\/www.conselharan.org\/es\/wp-json\/wp\/v2\/types\/post"}],"author":[{"embeddable":true,"href":"https:\/\/www.conselharan.org\/es\/wp-json\/wp\/v2\/users\/2"}],"replies":[{"embeddable":true,"href":"https:\/\/www.conselharan.org\/es\/wp-json\/wp\/v2\/comments?post=13820"}],"version-history":[{"count":1,"href":"https:\/\/www.conselharan.org\/es\/wp-json\/wp\/v2\/posts\/13820\/revisions"}],"predecessor-version":[{"id":13821,"href":"https:\/\/www.conselharan.org\/es\/wp-json\/wp\/v2\/posts\/13820\/revisions\/13821"}],"wp:featuredmedia":[{"embeddable":true,"href":"https:\/\/www.conselharan.org\/es\/wp-json\/wp\/v2\/media\/13816"}],"wp:attachment":[{"href":"https:\/\/www.conselharan.org\/es\/wp-json\/wp\/v2\/media?parent=13820"}],"wp:term":[{"taxonomy":"category","embeddable":true,"href":"https:\/\/www.conselharan.org\/es\/wp-json\/wp\/v2\/categories?post=13820"},{"taxonomy":"post_tag","embeddable":true,"href":"https:\/\/www.conselharan.org\/es\/wp-json\/wp\/v2\/tags?post=13820"}],"curies":[{"name":"wp","href":"https:\/\/api.w.org\/{rel}","templated":true}]}}