{"id":13843,"date":"2016-09-06T15:05:49","date_gmt":"2016-09-06T13:05:49","guid":{"rendered":"http:\/\/www.conselharan.org\/es\/?p=13843"},"modified":"2016-09-06T15:06:40","modified_gmt":"2016-09-06T13:06:40","slug":"el-dominion-bilbao-basket-de-la-liga-acb-en-la-val-daran","status":"publish","type":"post","link":"https:\/\/www.conselharan.org\/es\/el-dominion-bilbao-basket-de-la-liga-acb-en-la-val-daran\/","title":{"rendered":"El Dominion Bilbao Basket de la Liga ACB en la Val d\u2019Aran"},"content":{"rendered":"<ul>\n<li><strong>El equipo de Bilbao se encuentra en la Val d\u2019Aran realizando una concentraci\u00f3n de pretemporada hasta el viernes, 9 de septiembre.<\/strong><\/li>\n<\/ul>\n<ul>\n<li><strong>La plantilla y el cuerpo t\u00e9cnico han sido recibidos por el conselh\u00e8r de Territorio de Aran, Jose Antonio Boya.<\/strong><\/li>\n<\/ul>\n<p>&nbsp;<\/p>\n<p><img loading=\"lazy\" decoding=\"async\" class=\"aligncenter size-large wp-image-13838\" src=\"http:\/\/www.conselharan.org\/wp-content\/uploads\/2016\/09\/DSC_0015-1024x796.jpg\" alt=\"DSC_0015\" width=\"1024\" height=\"796\" srcset=\"https:\/\/www.conselharan.org\/wp-content\/uploads\/2016\/09\/DSC_0015-1024x796.jpg 1024w, https:\/\/www.conselharan.org\/wp-content\/uploads\/2016\/09\/DSC_0015-300x233.jpg 300w, https:\/\/www.conselharan.org\/wp-content\/uploads\/2016\/09\/DSC_0015-768x597.jpg 768w, https:\/\/www.conselharan.org\/wp-content\/uploads\/2016\/09\/DSC_0015-423x330.jpg 423w\" sizes=\"(max-width: 1024px) 100vw, 1024px\" \/><\/p>\n<p>&nbsp;<\/p>\n<p>El <strong>Dominion Bilbao Basket<\/strong>, equipo de la Liga ACB de b\u00e1squet, est\u00e1 concentrado en la Val d\u2019Aran realizando un stage de preparaci\u00f3n para la pr\u00f3xima temporada 2016-17 que empezar\u00e1 el pr\u00f3ximo mes de octubre. Tanto la plantilla como el cuerpo t\u00e9cnico han sido recibidos en la sede del Conselh Generau d\u2019Aran por el conselh\u00e8r de Territorio de Aran, <strong>Jose Antonio Boya<\/strong>.<\/p>\n<p>El equipo realiza entrenamientos matinales y vespertinos en el Palacio de Deportes de Vielha (gimnasio, pesas, carrera\u2026).<\/p>\n<p>&nbsp;<\/p>\n<p><img loading=\"lazy\" decoding=\"async\" class=\"aligncenter size-large wp-image-13837\" src=\"http:\/\/www.conselharan.org\/wp-content\/uploads\/2016\/09\/DSC_0030-1024x869.jpg\" alt=\"DSC_0030\" width=\"1024\" height=\"869\" srcset=\"https:\/\/www.conselharan.org\/wp-content\/uploads\/2016\/09\/DSC_0030-1024x869.jpg 1024w, https:\/\/www.conselharan.org\/wp-content\/uploads\/2016\/09\/DSC_0030-300x255.jpg 300w, https:\/\/www.conselharan.org\/wp-content\/uploads\/2016\/09\/DSC_0030-768x652.jpg 768w\" sizes=\"(max-width: 1024px) 100vw, 1024px\" \/><\/p>\n<p>&nbsp;<\/p>\n<p>Seg\u00fan ha explicado el t\u00e9cnico del Dominion Bilbao Basket, <strong>Carles Duran, \u201cla semana de concentraci\u00f3n es para estar un poco aislados, para afianzar nuestras rutinas de trabajo establecidas. Otro objetivo es una las caracter\u00edsticas de nuestro club: calidez interpersonal. Le damos bastante importancia a las relaciones humanas, afianzaremos el grupo haciendo pi\u00f1a, aspecto que siempre ha tratado de cuidar mucho el Bilbao Basket\u201d<\/strong>.<\/p>\n<p>&nbsp;<\/p>\n<p><img loading=\"lazy\" decoding=\"async\" class=\"aligncenter size-large wp-image-13839\" src=\"http:\/\/www.conselharan.org\/wp-content\/uploads\/2016\/09\/DSC_0034-1024x459.jpg\" alt=\"DSC_0034\" width=\"1024\" height=\"459\" srcset=\"https:\/\/www.conselharan.org\/wp-content\/uploads\/2016\/09\/DSC_0034-1024x459.jpg 1024w, https:\/\/www.conselharan.org\/wp-content\/uploads\/2016\/09\/DSC_0034-300x134.jpg 300w, https:\/\/www.conselharan.org\/wp-content\/uploads\/2016\/09\/DSC_0034-768x344.jpg 768w\" sizes=\"(max-width: 1024px) 100vw, 1024px\" \/><\/p>\n<p>&nbsp;<\/p>\n<p>Por su parte, el conselh\u00e8r, <strong>Jose Antonio Boya<\/strong>, les<strong> ha deseado mucha suerte para la temporada que viene y les ha agradecido que hayan venido a la Val d\u2019Aran a realizar la concentraci\u00f3n de preparaci\u00f3n.<\/strong><\/p>\n<p>El Dominion Bilbao Basket se medir\u00e1 en Lleida en partidos amistosos del <em>Circuito Movistar by Liga Endesa<\/em> al Fuenlabrada y al Herbalife Gran Canaria.<\/p>\n<p>&nbsp;<\/p>\n<p>&nbsp;<\/p>\n<p>Vielha, 6 de septiembre de 2016<\/p>\n<p>&nbsp;<\/p>\n<p><em>Conselh Generau d&#8217;Aran: N\u00faria Sanjuan<\/em><\/p>\n ","protected":false},"excerpt":{"rendered":"<p>El equipo de Bilbao se encuentra en la Val d\u2019Aran realizando una concentraci\u00f3n de pretemporada hasta el viernes, 9 de septiembre. La plantilla y el cuerpo t\u00e9cnico han sido recibidos por el conselh\u00e8r de Territorio de Aran, Jose Antonio Boya. &nbsp; &nbsp; El Dominion Bilbao Basket, equipo de la Liga ACB de b\u00e1squet, est\u00e1 concentrado&#8230;<\/p>\n","protected":false},"author":2,"featured_media":13838,"comment_status":"closed","ping_status":"closed","sticky":false,"template":"","format":"standard","meta":{"footnotes":""},"categories":[34],"tags":[],"_links":{"self":[{"href":"https:\/\/www.conselharan.org\/es\/wp-json\/wp\/v2\/posts\/13843"}],"collection":[{"href":"https:\/\/www.conselharan.org\/es\/wp-json\/wp\/v2\/posts"}],"about":[{"href":"https:\/\/www.conselharan.org\/es\/wp-json\/wp\/v2\/types\/post"}],"author":[{"embeddable":true,"href":"https:\/\/www.conselharan.org\/es\/wp-json\/wp\/v2\/users\/2"}],"replies":[{"embeddable":true,"href":"https:\/\/www.conselharan.org\/es\/wp-json\/wp\/v2\/comments?post=13843"}],"version-history":[{"count":1,"href":"https:\/\/www.conselharan.org\/es\/wp-json\/wp\/v2\/posts\/13843\/revisions"}],"predecessor-version":[{"id":13844,"href":"https:\/\/www.conselharan.org\/es\/wp-json\/wp\/v2\/posts\/13843\/revisions\/13844"}],"wp:featuredmedia":[{"embeddable":true,"href":"https:\/\/www.conselharan.org\/es\/wp-json\/wp\/v2\/media\/13838"}],"wp:attachment":[{"href":"https:\/\/www.conselharan.org\/es\/wp-json\/wp\/v2\/media?parent=13843"}],"wp:term":[{"taxonomy":"category","embeddable":true,"href":"https:\/\/www.conselharan.org\/es\/wp-json\/wp\/v2\/categories?post=13843"},{"taxonomy":"post_tag","embeddable":true,"href":"https:\/\/www.conselharan.org\/es\/wp-json\/wp\/v2\/tags?post=13843"}],"curies":[{"name":"wp","href":"https:\/\/api.w.org\/{rel}","templated":true}]}}