{"id":13852,"date":"2016-09-07T14:33:52","date_gmt":"2016-09-07T12:33:52","guid":{"rendered":"http:\/\/www.conselharan.org\/es\/?p=13852"},"modified":"2016-09-07T14:33:52","modified_gmt":"2016-09-07T12:33:52","slug":"el-catgas-energia-de-la-liga-de-futbol-sala-prepara-la-pretemporada-en-la-val-daran","status":"publish","type":"post","link":"https:\/\/www.conselharan.org\/es\/el-catgas-energia-de-la-liga-de-futbol-sala-prepara-la-pretemporada-en-la-val-daran\/","title":{"rendered":"El Catgas Energ\u00eda de la Liga de F\u00fatbol Sala prepara la pretemporada en la Val d\u2019Aran"},"content":{"rendered":"<ul>\n<li><strong>La plantilla y el cuerpo t\u00e9cnico han sido recibidos por el conselh\u00e8r de Territorio de Aran, Jose Antonio Boya.<\/strong><\/li>\n<\/ul>\n<p>&nbsp;<\/p>\n<p><img loading=\"lazy\" decoding=\"async\" class=\"aligncenter size-large wp-image-13846\" src=\"http:\/\/www.conselharan.org\/wp-content\/uploads\/2016\/09\/DSC_0067-1024x709.jpg\" alt=\"DSC_0067\" width=\"1024\" height=\"709\" srcset=\"https:\/\/www.conselharan.org\/wp-content\/uploads\/2016\/09\/DSC_0067-1024x709.jpg 1024w, https:\/\/www.conselharan.org\/wp-content\/uploads\/2016\/09\/DSC_0067-300x208.jpg 300w, https:\/\/www.conselharan.org\/wp-content\/uploads\/2016\/09\/DSC_0067-768x532.jpg 768w\" sizes=\"(max-width: 1024px) 100vw, 1024px\" \/><\/p>\n<p>&nbsp;<\/p>\n<p>El equipo de la Liga Nacional de F\u00fatbol Sala,<strong> Catgas Energ\u00eda<\/strong>, est\u00e1 concentrado en la Val d\u2019Aran realizando un stage de preparaci\u00f3n para la pr\u00f3xima temporada 2016-17 que empezar\u00e1 el pr\u00f3ximo mes de octubre. Tanto la plantilla como el cuerpo t\u00e9cnico han sido recibidos en la sede del Conselh Generau d\u2019Aran por el conselh\u00e8r de Territorio de Aran, <strong>Jose Antonio Boya<\/strong>.<\/p>\n<p>El equipo realiza entrenamientos el Palacio de Deportes de Vielha (gimnasio, pesas, carrera\u2026).<\/p>\n<p>&nbsp;<\/p>\n<p><img loading=\"lazy\" decoding=\"async\" class=\"aligncenter size-large wp-image-13848\" src=\"http:\/\/www.conselharan.org\/wp-content\/uploads\/2016\/09\/DSC_0081-1024x685.jpg\" alt=\"DSC_0081\" width=\"1024\" height=\"685\" srcset=\"https:\/\/www.conselharan.org\/wp-content\/uploads\/2016\/09\/DSC_0081-1024x685.jpg 1024w, https:\/\/www.conselharan.org\/wp-content\/uploads\/2016\/09\/DSC_0081-300x201.jpg 300w, https:\/\/www.conselharan.org\/wp-content\/uploads\/2016\/09\/DSC_0081-768x514.jpg 768w\" sizes=\"(max-width: 1024px) 100vw, 1024px\" \/><\/p>\n<p>&nbsp;<\/p>\n<p><strong>Juan Carlos Le\u00f3n<\/strong>, director general y gerente del Catgas Energ\u00eda, <strong>ha agradecido la acogida de la Val d\u2019Aran al equipo y ha destacado las estructuras deportivas de primer nivel.<\/strong><\/p>\n<p>&nbsp;<\/p>\n<p><img loading=\"lazy\" decoding=\"async\" class=\"aligncenter size-large wp-image-13847\" src=\"http:\/\/www.conselharan.org\/wp-content\/uploads\/2016\/09\/DSC_0087-1024x582.jpg\" alt=\"DSC_0087\" width=\"1024\" height=\"582\" srcset=\"https:\/\/www.conselharan.org\/wp-content\/uploads\/2016\/09\/DSC_0087-1024x582.jpg 1024w, https:\/\/www.conselharan.org\/wp-content\/uploads\/2016\/09\/DSC_0087-300x171.jpg 300w, https:\/\/www.conselharan.org\/wp-content\/uploads\/2016\/09\/DSC_0087-768x437.jpg 768w\" sizes=\"(max-width: 1024px) 100vw, 1024px\" \/><\/p>\n<p>&nbsp;<\/p>\n<p>Por su parte, el conselh\u00e8r, <strong>Jose Antonio Boya,<\/strong> les <strong>ha deseado mucha suerte para la temporada que viene y les ha agradecido que hayan elegido un a\u00f1o m\u00e1s la Val d\u2019Aran para realizar la pretemporada.<\/strong><\/p>\n<p>Hoy mi\u00e9rcoles, <strong>7 de septiembre, a las 20h00 el Catgas Energ\u00eda<\/strong> participar\u00e1 en un torneo triangular en el que se enfrentar\u00e1 a una selecci\u00f3n y al ganador de las 30 horas de Vielha.<\/p>\n<p>&nbsp;<\/p>\n<p>&nbsp;<\/p>\n<p>Vielha, 7 de septiembre de 2016<\/p>\n<p>&nbsp;<\/p>\n<p><em>Conselh Generau d&#8217;Aran: N\u00faria Sanjuan<\/em><\/p>\n ","protected":false},"excerpt":{"rendered":"<p>La plantilla y el cuerpo t\u00e9cnico han sido recibidos por el conselh\u00e8r de Territorio de Aran, Jose Antonio Boya. &nbsp; &nbsp; El equipo de la Liga Nacional de F\u00fatbol Sala, Catgas Energ\u00eda, est\u00e1 concentrado en la Val d\u2019Aran realizando un stage de preparaci\u00f3n para la pr\u00f3xima temporada 2016-17 que empezar\u00e1 el pr\u00f3ximo mes de octubre&#8230;.<\/p>\n","protected":false},"author":2,"featured_media":13846,"comment_status":"closed","ping_status":"closed","sticky":false,"template":"","format":"standard","meta":{"footnotes":""},"categories":[34],"tags":[],"_links":{"self":[{"href":"https:\/\/www.conselharan.org\/es\/wp-json\/wp\/v2\/posts\/13852"}],"collection":[{"href":"https:\/\/www.conselharan.org\/es\/wp-json\/wp\/v2\/posts"}],"about":[{"href":"https:\/\/www.conselharan.org\/es\/wp-json\/wp\/v2\/types\/post"}],"author":[{"embeddable":true,"href":"https:\/\/www.conselharan.org\/es\/wp-json\/wp\/v2\/users\/2"}],"replies":[{"embeddable":true,"href":"https:\/\/www.conselharan.org\/es\/wp-json\/wp\/v2\/comments?post=13852"}],"version-history":[{"count":1,"href":"https:\/\/www.conselharan.org\/es\/wp-json\/wp\/v2\/posts\/13852\/revisions"}],"predecessor-version":[{"id":13853,"href":"https:\/\/www.conselharan.org\/es\/wp-json\/wp\/v2\/posts\/13852\/revisions\/13853"}],"wp:featuredmedia":[{"embeddable":true,"href":"https:\/\/www.conselharan.org\/es\/wp-json\/wp\/v2\/media\/13846"}],"wp:attachment":[{"href":"https:\/\/www.conselharan.org\/es\/wp-json\/wp\/v2\/media?parent=13852"}],"wp:term":[{"taxonomy":"category","embeddable":true,"href":"https:\/\/www.conselharan.org\/es\/wp-json\/wp\/v2\/categories?post=13852"},{"taxonomy":"post_tag","embeddable":true,"href":"https:\/\/www.conselharan.org\/es\/wp-json\/wp\/v2\/tags?post=13852"}],"curies":[{"name":"wp","href":"https:\/\/api.w.org\/{rel}","templated":true}]}}