{"id":13862,"date":"2016-09-09T13:13:52","date_gmt":"2016-09-09T11:13:52","guid":{"rendered":"http:\/\/www.conselharan.org\/es\/?p=13862"},"modified":"2016-09-09T13:14:27","modified_gmt":"2016-09-09T11:14:27","slug":"x-jornadas-micologicas-de-la-val-daran-del-13-al-18-de-septiembre","status":"publish","type":"post","link":"https:\/\/www.conselharan.org\/es\/x-jornadas-micologicas-de-la-val-daran-del-13-al-18-de-septiembre\/","title":{"rendered":"X Jornadas Micol\u00f3gicas de la Val d\u2019Aran del 13 al 18 de septiembre"},"content":{"rendered":"<p><img loading=\"lazy\" decoding=\"async\" class=\"aligncenter size-large wp-image-13857\" src=\"http:\/\/www.conselharan.org\/wp-content\/uploads\/2016\/09\/cartell-Jornades-Micologiques-724x1024.jpg\" alt=\"Boscos de la vall de BedredaCanejan, Val d'Aran, Lleida\" width=\"724\" height=\"1024\" srcset=\"https:\/\/www.conselharan.org\/wp-content\/uploads\/2016\/09\/cartell-Jornades-Micologiques-724x1024.jpg 724w, https:\/\/www.conselharan.org\/wp-content\/uploads\/2016\/09\/cartell-Jornades-Micologiques-212x300.jpg 212w, https:\/\/www.conselharan.org\/wp-content\/uploads\/2016\/09\/cartell-Jornades-Micologiques-768x1086.jpg 768w\" sizes=\"(max-width: 724px) 100vw, 724px\" \/><\/p>\n<p>&nbsp;<\/p>\n<p>La semana <strong>del 13 al 18 de septiembre,<\/strong> el Departamento de Agricultura, Ganader\u00eda y Medio Natural del Conselh Generau de Aran organiza un a\u00f1o m\u00e1s las <strong>X Jornadas Micol\u00f3gicas de la Val d\u2019Aran<\/strong> junto con la Sociedad Catalana de Micolog\u00eda y con la colaboraci\u00f3n de la Escuela de Hosteler\u00eda de Les.<\/p>\n<p>Este a\u00f1o se realizar\u00e1n tres salidas de campo pra profundizar en el mundo de la micolog\u00eda a cargo del equipo docente de la Sociedad Catalana de Micolog\u00eda (los d\u00edas 15, 16 y 18 de septiembre); tambi\u00e9n habr\u00e1 un <strong>taller de gastronom\u00eda sobre setas<\/strong>, el jueves 15 en la escuela de Hosteler\u00eda de Les con Marc Nus (chef del restaurante Era Coqu\u00e8la); el s\u00e1bado 17, a las 18h00 en el Conselh Generau d\u2019Aran tendr\u00e1 lugar una <strong>jornada sobre las oportunidades en el desarrollo del micoturismo<\/strong> a cargo de Fernando Mart\u00ednez (Centro de Investigaci\u00f3n y Tecnolog\u00eda Agroalimentaria de Arag\u00f3n) y Joaquin Latorre (Programa de Micolog\u00eda de Castilla y Le\u00f3n, MICOCYL-CESEFOR) adem\u00e1s de la <strong>visita a la exposici\u00f3n de setas<\/strong> y un <strong>espacio infantil<\/strong> que estar\u00e1 situado en la escuela de Hosteler\u00eda de Les el fin de semana del 17 al 18 de septiembre.<\/p>\n<p>Tambi\u00e9n podr\u00e9is degustar tambi\u00e9n un <em><strong>pinxo pote de setas<\/strong><\/em> en los bares de la Val d\u2019Aran: el martes, 13 de septiembre en Vielha; el jueves, 15 de septiembre en Boss\u00f2st; y el viernes, 16 de septiembre en Les.<\/p>\n<p>&nbsp;<\/p>\n<p><img loading=\"lazy\" decoding=\"async\" class=\"aligncenter size-large wp-image-13855\" src=\"http:\/\/www.conselharan.org\/wp-content\/uploads\/2016\/09\/programa_2016-1024x864.jpg\" alt=\"programa_2016\" width=\"1024\" height=\"864\" srcset=\"https:\/\/www.conselharan.org\/wp-content\/uploads\/2016\/09\/programa_2016-1024x864.jpg 1024w, https:\/\/www.conselharan.org\/wp-content\/uploads\/2016\/09\/programa_2016-300x253.jpg 300w, https:\/\/www.conselharan.org\/wp-content\/uploads\/2016\/09\/programa_2016-768x648.jpg 768w, https:\/\/www.conselharan.org\/wp-content\/uploads\/2016\/09\/programa_2016.jpg 1870w\" sizes=\"(max-width: 1024px) 100vw, 1024px\" \/><\/p>\n<p>&nbsp;<\/p>\n<p>M\u00e1s Informaci\u00f3n e inscripciones: <a href=\"mailto:c.madruga@aran.org\" target=\"_blank\">c.madruga@aran.org<\/a> o llamando al Conselh Generau d\u2019Aran, tel. 973 64 18 01 (Cristina Madruga).<\/p>\n<p>&nbsp;<\/p>\n<p>&nbsp;<\/p>\n<p>Vielha, 9 de septiembre de 2016<\/p>\n<p>&nbsp;<\/p>\n<p><em>Conselh Generau d&#8217;Aran: N\u00faria Sanjuan<\/em><\/p>\n ","protected":false},"excerpt":{"rendered":"<p>&nbsp; La semana del 13 al 18 de septiembre, el Departamento de Agricultura, Ganader\u00eda y Medio Natural del Conselh Generau de Aran organiza un a\u00f1o m\u00e1s las X Jornadas Micol\u00f3gicas de la Val d\u2019Aran junto con la Sociedad Catalana de Micolog\u00eda y con la colaboraci\u00f3n de la Escuela de Hosteler\u00eda de Les. Este a\u00f1o se&#8230;<\/p>\n","protected":false},"author":2,"featured_media":13857,"comment_status":"closed","ping_status":"closed","sticky":false,"template":"","format":"standard","meta":{"footnotes":""},"categories":[126,34],"tags":[],"_links":{"self":[{"href":"https:\/\/www.conselharan.org\/es\/wp-json\/wp\/v2\/posts\/13862"}],"collection":[{"href":"https:\/\/www.conselharan.org\/es\/wp-json\/wp\/v2\/posts"}],"about":[{"href":"https:\/\/www.conselharan.org\/es\/wp-json\/wp\/v2\/types\/post"}],"author":[{"embeddable":true,"href":"https:\/\/www.conselharan.org\/es\/wp-json\/wp\/v2\/users\/2"}],"replies":[{"embeddable":true,"href":"https:\/\/www.conselharan.org\/es\/wp-json\/wp\/v2\/comments?post=13862"}],"version-history":[{"count":2,"href":"https:\/\/www.conselharan.org\/es\/wp-json\/wp\/v2\/posts\/13862\/revisions"}],"predecessor-version":[{"id":13864,"href":"https:\/\/www.conselharan.org\/es\/wp-json\/wp\/v2\/posts\/13862\/revisions\/13864"}],"wp:featuredmedia":[{"embeddable":true,"href":"https:\/\/www.conselharan.org\/es\/wp-json\/wp\/v2\/media\/13857"}],"wp:attachment":[{"href":"https:\/\/www.conselharan.org\/es\/wp-json\/wp\/v2\/media?parent=13862"}],"wp:term":[{"taxonomy":"category","embeddable":true,"href":"https:\/\/www.conselharan.org\/es\/wp-json\/wp\/v2\/categories?post=13862"},{"taxonomy":"post_tag","embeddable":true,"href":"https:\/\/www.conselharan.org\/es\/wp-json\/wp\/v2\/tags?post=13862"}],"curies":[{"name":"wp","href":"https:\/\/api.w.org\/{rel}","templated":true}]}}