{"id":13953,"date":"2016-09-20T09:09:33","date_gmt":"2016-09-20T07:09:33","guid":{"rendered":"http:\/\/www.conselharan.org\/es\/?p=13953"},"modified":"2016-09-20T09:36:53","modified_gmt":"2016-09-20T07:36:53","slug":"el-pueblo-de-bagergue-consigue-la-maxima-distincion-de-viles-florides-2016","status":"publish","type":"post","link":"https:\/\/www.conselharan.org\/es\/el-pueblo-de-bagergue-consigue-la-maxima-distincion-de-viles-florides-2016\/","title":{"rendered":"El pueblo de Bagergue consigue la m\u00e1xima distinci\u00f3n de Viles Florides 2016"},"content":{"rendered":"<p>\u2022<strong> Bagergue recibe 4 Flores de Honor de un m\u00e1ximo de 5.<\/strong><\/p>\n<p><strong>\u2022 En esta edici\u00f3n Viles Florides 2016 participaron 86 municipios de toda Catalu\u00f1a.<\/strong><\/p>\n<p><img loading=\"lazy\" decoding=\"async\" class=\"aligncenter size-full wp-image-13948\" src=\"http:\/\/www.conselharan.org\/wp-content\/uploads\/2016\/09\/marc-tarrau-vila-florida.jpg\" alt=\"marc tarrau-vila florida\" width=\"960\" height=\"718\" srcset=\"https:\/\/www.conselharan.org\/wp-content\/uploads\/2016\/09\/marc-tarrau-vila-florida.jpg 960w, https:\/\/www.conselharan.org\/wp-content\/uploads\/2016\/09\/marc-tarrau-vila-florida-300x224.jpg 300w, https:\/\/www.conselharan.org\/wp-content\/uploads\/2016\/09\/marc-tarrau-vila-florida-768x574.jpg 768w\" sizes=\"(max-width: 960px) 100vw, 960px\" \/><\/p>\n<p><em>Foto: Marc Tarrau (Presidente de la EMD de Bagergue)<\/em><\/p>\n<p>&nbsp;<\/p>\n<p>La Gala Flores de Honor 2016 entreg\u00f3 el pasado viernes, 16 de septiembre, en Olot los reconocimientos anuales del movimiento Viles Florides, en un acto presidido por la consellera de Agricultura, Ganader\u00eda, Pesca y Alimentaci\u00f3n de la Generalitat de Catalunya, Meritxell Serret, y que reuni\u00f3 a m\u00e1s de 250 personas.<\/p>\n<p><strong>Bagergue (Naut Aran)<\/strong> encabeza el ranking del proyecto Viles Florides que promueve la Confederaci\u00f3n de Horticultura Ornamental de Catalu\u00f1a (CHOC) seguida por Figueres (Alt Empord\u00e0), Mollet del Vall\u00e8s (Vall\u00e8s Oriental), Olot (Garrotxa) y Vila-seca (Tarragon\u00e8s).<\/p>\n<p>Estos cinco municipios estuvieron reconocidos con cuatro Flores de Honor, pero tambi\u00e9n hab\u00eda 31 municipios con tres Flores de Honor, 44 municipios con dos Flores de Honor y 6 municipios con una Flor de Honor. En total en esta edici\u00f3n se valoraron 86 municipios que trabajan para hacer crecer el verde en Catalu\u00f1a y que suponen un importante incremento de municipios participantes de los 66 en el 2015.<\/p>\n<p>&nbsp;<\/p>\n<p>El presidente de la EMD de Bagergue, <strong>Marc Tarrau<\/strong>, recogi\u00f3 las 4 Flores de Honor, y agradeci\u00f3 a <strong>\u201ctodos los vecinos su colaboraci\u00f3n y dedicaci\u00f3n para que Bagergue recibiera este premio\u201d<\/strong> y destac\u00f3 que <strong>\u201cesta distinci\u00f3n le da un sello de calidad tur\u00edstica al pueblo y un reclamo m\u00e1s para la gente que visita la Val d\u2019Aran\u201d.<\/strong><\/p>\n<p>Adem\u00e1s del reconocimiento institucional a los municipios, Viles Florides tambi\u00e9n premi\u00f3 aquellos proyectes de ajardinamiento, ornamentaci\u00f3n floral y cultura del verde urbano que, tanto en el \u00e1mbito p\u00fablico como en el privado, son tambi\u00e9n un ejemplo a seguir. En este sentido, se entregaron los reconocimientos Iniciativas Florecidas a la Fundaci\u00f3n del Antiguo Hospital de San Jaime de Olot (Colectivo Florido); el Centro Bot\u00e1nico de Reus (Rinc\u00f3n Florido); la Rambla Pompeu Fabra de Mollet del Vall\u00e8s (Espacio P\u00fablico Florido); el Jard\u00edn Bot\u00e1nico Marimutra de Blanes (Espacio P\u00fablico Florido), y La Siesta Salou Camping Resort (Camping Florido).<\/p>\n<p>&nbsp;<\/p>\n<p>&nbsp;<\/p>\n<p>&nbsp;<\/p>\n<p>Vielha, 20 de septiembre de 2016<\/p>\n<p>&nbsp;<\/p>\n<p><em>Conselh Generau d&#8217;Aran: N\u00faria Sanjuan<\/em><\/p>\n<p><em>Fotos: Marc Tarrau (Presidente EMD de Bagergue)<\/em><\/p>\n ","protected":false},"excerpt":{"rendered":"<p>\u2022 Bagergue recibe 4 Flores de Honor de un m\u00e1ximo de 5. \u2022 En esta edici\u00f3n Viles Florides 2016 participaron 86 municipios de toda Catalu\u00f1a. Foto: Marc Tarrau (Presidente de la EMD de Bagergue) &nbsp; La Gala Flores de Honor 2016 entreg\u00f3 el pasado viernes, 16 de septiembre, en Olot los reconocimientos anuales del movimiento&#8230;<\/p>\n","protected":false},"author":2,"featured_media":13948,"comment_status":"closed","ping_status":"closed","sticky":false,"template":"","format":"standard","meta":{"footnotes":""},"categories":[34],"tags":[],"_links":{"self":[{"href":"https:\/\/www.conselharan.org\/es\/wp-json\/wp\/v2\/posts\/13953"}],"collection":[{"href":"https:\/\/www.conselharan.org\/es\/wp-json\/wp\/v2\/posts"}],"about":[{"href":"https:\/\/www.conselharan.org\/es\/wp-json\/wp\/v2\/types\/post"}],"author":[{"embeddable":true,"href":"https:\/\/www.conselharan.org\/es\/wp-json\/wp\/v2\/users\/2"}],"replies":[{"embeddable":true,"href":"https:\/\/www.conselharan.org\/es\/wp-json\/wp\/v2\/comments?post=13953"}],"version-history":[{"count":4,"href":"https:\/\/www.conselharan.org\/es\/wp-json\/wp\/v2\/posts\/13953\/revisions"}],"predecessor-version":[{"id":13959,"href":"https:\/\/www.conselharan.org\/es\/wp-json\/wp\/v2\/posts\/13953\/revisions\/13959"}],"wp:featuredmedia":[{"embeddable":true,"href":"https:\/\/www.conselharan.org\/es\/wp-json\/wp\/v2\/media\/13948"}],"wp:attachment":[{"href":"https:\/\/www.conselharan.org\/es\/wp-json\/wp\/v2\/media?parent=13953"}],"wp:term":[{"taxonomy":"category","embeddable":true,"href":"https:\/\/www.conselharan.org\/es\/wp-json\/wp\/v2\/categories?post=13953"},{"taxonomy":"post_tag","embeddable":true,"href":"https:\/\/www.conselharan.org\/es\/wp-json\/wp\/v2\/tags?post=13953"}],"curies":[{"name":"wp","href":"https:\/\/api.w.org\/{rel}","templated":true}]}}