{"id":14153,"date":"2016-10-06T15:07:53","date_gmt":"2016-10-06T13:07:53","guid":{"rendered":"http:\/\/www.conselharan.org\/es\/?p=14153"},"modified":"2016-10-06T15:08:19","modified_gmt":"2016-10-06T13:08:19","slug":"reunion-del-sindic-daran-carlos-barrera-con-el-conseller-de-salut-antoni-comin","status":"publish","type":"post","link":"https:\/\/www.conselharan.org\/es\/reunion-del-sindic-daran-carlos-barrera-con-el-conseller-de-salut-antoni-comin\/","title":{"rendered":"Reuni\u00f3n del sindic d\u2019Aran Carlos Barrera con el conseller de Salut Antoni Com\u00edn"},"content":{"rendered":"<p>Vielha, 6 de octubre de 2016.- El sindic d\u2019Aran, <strong>Carlos Barrera<\/strong>, ha mantenido hoy una reuni\u00f3n de trabajo con el conseller de Salut de la Generalitat de Catalunya <strong>Antoni<\/strong> <strong>Com\u00edn<\/strong>, para tratar diversos asuntos relacionados con la sanidad aranesa.<\/p>\n<p><a href=\"http:\/\/www.conselharan.org\/wp-content\/uploads\/2016\/10\/comin.jpeg\"><img loading=\"lazy\" decoding=\"async\" class=\"aligncenter size-large wp-image-14151\" src=\"http:\/\/www.conselharan.org\/wp-content\/uploads\/2016\/10\/comin-1024x768.jpeg\" alt=\"comin\" width=\"1024\" height=\"768\" srcset=\"https:\/\/www.conselharan.org\/wp-content\/uploads\/2016\/10\/comin-1024x768.jpeg 1024w, https:\/\/www.conselharan.org\/wp-content\/uploads\/2016\/10\/comin-300x225.jpeg 300w, https:\/\/www.conselharan.org\/wp-content\/uploads\/2016\/10\/comin-768x576.jpeg 768w, https:\/\/www.conselharan.org\/wp-content\/uploads\/2016\/10\/comin.jpeg 1600w\" sizes=\"(max-width: 1024px) 100vw, 1024px\" \/><\/a><\/p>\n<p>El sindic d\u2019Aran ha expresado al conseller la voluntad de elaborar un plan de salud del Valle de Aran para incrementar sustancialmente el presupuesto de la sanidad aranesa, as\u00ed como la propuesta de un plan bianual de inversiones para el mantenimiento de los servicios del hospital de Vielha.<\/p>\n<p>La reuni\u00f3n tambi\u00e9n ha servido para tratar la ampliaci\u00f3n de la financiaci\u00f3n de las obras del \u00e1rea quir\u00fargica del hospital del Valle de Aran, el incremento ordinario de la financiaci\u00f3n relacionada con el incremento impositivo de IRPF del personal sanitario y el IVA que se aplica al material sanitario.<\/p>\n<p>El sindic d\u2019Aran, Carlos Barrera, ha estado acompa\u00f1ado en la reuni\u00f3n por el vice-sindic d\u2019Aran, <strong>Lu\u00eds Carlos Medina<\/strong> y por la conselh\u00e8ra de Turismo, Desarrollo Econ\u00f3mico y Salud y Bienestar del Conselh Generau d\u2019Aran, <strong>Anna D\u00edaz<\/strong>.<\/p>\n ","protected":false},"excerpt":{"rendered":"<p>Vielha, 6 de octubre de 2016.- El sindic d\u2019Aran, Carlos Barrera, ha mantenido hoy una reuni\u00f3n de trabajo con el conseller de Salut de la Generalitat de Catalunya Antoni Com\u00edn, para tratar diversos asuntos relacionados con la sanidad aranesa. El sindic d\u2019Aran ha expresado al conseller la voluntad de elaborar un plan de salud del&#8230;<\/p>\n","protected":false},"author":2,"featured_media":14151,"comment_status":"closed","ping_status":"closed","sticky":false,"template":"","format":"standard","meta":{"footnotes":""},"categories":[37],"tags":[],"_links":{"self":[{"href":"https:\/\/www.conselharan.org\/es\/wp-json\/wp\/v2\/posts\/14153"}],"collection":[{"href":"https:\/\/www.conselharan.org\/es\/wp-json\/wp\/v2\/posts"}],"about":[{"href":"https:\/\/www.conselharan.org\/es\/wp-json\/wp\/v2\/types\/post"}],"author":[{"embeddable":true,"href":"https:\/\/www.conselharan.org\/es\/wp-json\/wp\/v2\/users\/2"}],"replies":[{"embeddable":true,"href":"https:\/\/www.conselharan.org\/es\/wp-json\/wp\/v2\/comments?post=14153"}],"version-history":[{"count":2,"href":"https:\/\/www.conselharan.org\/es\/wp-json\/wp\/v2\/posts\/14153\/revisions"}],"predecessor-version":[{"id":14155,"href":"https:\/\/www.conselharan.org\/es\/wp-json\/wp\/v2\/posts\/14153\/revisions\/14155"}],"wp:featuredmedia":[{"embeddable":true,"href":"https:\/\/www.conselharan.org\/es\/wp-json\/wp\/v2\/media\/14151"}],"wp:attachment":[{"href":"https:\/\/www.conselharan.org\/es\/wp-json\/wp\/v2\/media?parent=14153"}],"wp:term":[{"taxonomy":"category","embeddable":true,"href":"https:\/\/www.conselharan.org\/es\/wp-json\/wp\/v2\/categories?post=14153"},{"taxonomy":"post_tag","embeddable":true,"href":"https:\/\/www.conselharan.org\/es\/wp-json\/wp\/v2\/tags?post=14153"}],"curies":[{"name":"wp","href":"https:\/\/api.w.org\/{rel}","templated":true}]}}