{"id":14174,"date":"2016-10-10T10:28:39","date_gmt":"2016-10-10T08:28:39","guid":{"rendered":"http:\/\/www.conselharan.org\/es\/?p=14174"},"modified":"2016-10-10T10:29:34","modified_gmt":"2016-10-10T08:29:34","slug":"la-aranesa-maria-iglesias-bares-campeona-cadete-del-grand-prix-sportful","status":"publish","type":"post","link":"https:\/\/www.conselharan.org\/es\/la-aranesa-maria-iglesias-bares-campeona-cadete-del-grand-prix-sportful\/","title":{"rendered":"La aranesa, Maria Iglesias Bar\u00e9s, campeona cadete del Grand Prix Sportful"},"content":{"rendered":"<p>\u2022<strong> Su hermana y compa\u00f1era de club, Lydia Iglesias Bar\u00e9s, integrante del equipo RFEDI, consigui\u00f3 la 6\u00aa posici\u00f3n en categor\u00eda j\u00fanior, bajando dos minutos su marca respecto a la del a\u00f1o pasado.<\/strong><\/p>\n<p><img loading=\"lazy\" decoding=\"async\" class=\"aligncenter size-full wp-image-14168\" src=\"http:\/\/www.conselharan.org\/wp-content\/uploads\/2016\/10\/FCEH_79_maria_iglesias_guanya_GRAN_PRIX_SPORTFUL.jpg\" alt=\"FCEH_79_maria_iglesias_guanya_GRAN_PRIX_SPORTFUL\" width=\"720\" height=\"720\" srcset=\"https:\/\/www.conselharan.org\/wp-content\/uploads\/2016\/10\/FCEH_79_maria_iglesias_guanya_GRAN_PRIX_SPORTFUL.jpg 720w, https:\/\/www.conselharan.org\/wp-content\/uploads\/2016\/10\/FCEH_79_maria_iglesias_guanya_GRAN_PRIX_SPORTFUL-150x150.jpg 150w, https:\/\/www.conselharan.org\/wp-content\/uploads\/2016\/10\/FCEH_79_maria_iglesias_guanya_GRAN_PRIX_SPORTFUL-300x300.jpg 300w, https:\/\/www.conselharan.org\/wp-content\/uploads\/2016\/10\/FCEH_79_maria_iglesias_guanya_GRAN_PRIX_SPORTFUL-270x270.jpg 270w, https:\/\/www.conselharan.org\/wp-content\/uploads\/2016\/10\/FCEH_79_maria_iglesias_guanya_GRAN_PRIX_SPORTFUL-207x207.jpg 207w, https:\/\/www.conselharan.org\/wp-content\/uploads\/2016\/10\/FCEH_79_maria_iglesias_guanya_GRAN_PRIX_SPORTFUL-75x75.jpg 75w\" sizes=\"(max-width: 720px) 100vw, 720px\" \/><\/p>\n<p><em>Foto: FCEH<\/em><\/p>\n<p>&nbsp;<\/p>\n<p>El pasado 2 de octubre, la joven fondista aranesa <strong>Maria Iglesias<\/strong> (ANEC) miembro del programa de tecnificaci\u00f3n de esqu\u00ed de fondo de la Federaci\u00f3n Catalana de Deportes de Invierno (<strong>FCEH<\/strong>) se proclam\u00f3 campeona en la categor\u00eda cadete de la 38\u00aa edici\u00f3n de la carrera rollers Grand Prix Sportful (Italia), una ascensi\u00f3n de un puerto de 9,5 Km.<\/p>\n<p>&nbsp;<\/p>\n<p><img loading=\"lazy\" decoding=\"async\" class=\"aligncenter size-full wp-image-14169\" src=\"http:\/\/www.conselharan.org\/wp-content\/uploads\/2016\/10\/lydia-e-maria.jpg\" alt=\"lydia e maria\" width=\"640\" height=\"488\" srcset=\"https:\/\/www.conselharan.org\/wp-content\/uploads\/2016\/10\/lydia-e-maria.jpg 640w, https:\/\/www.conselharan.org\/wp-content\/uploads\/2016\/10\/lydia-e-maria-300x229.jpg 300w\" sizes=\"(max-width: 640px) 100vw, 640px\" \/><\/p>\n<p><em>Las hermanas fondistas aranesas, Lydia Iglesias Bar\u00e9s y Maria\u00a0Iglesias Bar\u00e9s. Foto: ANEC\u00a0<\/em><\/p>\n<p>&nbsp;<\/p>\n<p>Por su parte, su hermana y compa\u00f1era de club, <strong>Lydia Iglesias<\/strong>, integrante del equipo <strong>RFEDI<\/strong>, consigui\u00f3 la 6\u00aa posici\u00f3n en categor\u00eda j\u00fanior, bajando dos minutos su marca respecto a la del a\u00f1o pasado.<\/p>\n<p>La prueba se disput\u00f3 en rollerski con t\u00e9cnica skating, con un alto nivel, ya que participaban corredores de esqu\u00ed de fondo de todo Europa y habituales en Copa del Mundo y Copa de Europa.<\/p>\n<p>Lydia Iglesias, despu\u00e9s de la carrera se fue hacia la estaci\u00f3n de esqu\u00ed de Ramsau (Austria) para entrenar en nieve los pr\u00f3ximos d\u00edas, siguiendo el calendario de concentraciones de pretemporada.<\/p>\n<p>&nbsp;<\/p>\n<p>&nbsp;<\/p>\n<p>Vielha, 10 de octubre de 2016<\/p>\n<p>&nbsp;<\/p>\n<p><em>Conselh Generau d&#8217;Aran: N\u00faria Sanjuan<\/em><\/p>\n<p><em>Fuente: FCEH\u00a0<\/em><\/p>\n ","protected":false},"excerpt":{"rendered":"<p>\u2022 Su hermana y compa\u00f1era de club, Lydia Iglesias Bar\u00e9s, integrante del equipo RFEDI, consigui\u00f3 la 6\u00aa posici\u00f3n en categor\u00eda j\u00fanior, bajando dos minutos su marca respecto a la del a\u00f1o pasado. Foto: FCEH &nbsp; El pasado 2 de octubre, la joven fondista aranesa Maria Iglesias (ANEC) miembro del programa de tecnificaci\u00f3n de esqu\u00ed de&#8230;<\/p>\n","protected":false},"author":2,"featured_media":14168,"comment_status":"closed","ping_status":"closed","sticky":false,"template":"","format":"standard","meta":{"footnotes":""},"categories":[34],"tags":[],"_links":{"self":[{"href":"https:\/\/www.conselharan.org\/es\/wp-json\/wp\/v2\/posts\/14174"}],"collection":[{"href":"https:\/\/www.conselharan.org\/es\/wp-json\/wp\/v2\/posts"}],"about":[{"href":"https:\/\/www.conselharan.org\/es\/wp-json\/wp\/v2\/types\/post"}],"author":[{"embeddable":true,"href":"https:\/\/www.conselharan.org\/es\/wp-json\/wp\/v2\/users\/2"}],"replies":[{"embeddable":true,"href":"https:\/\/www.conselharan.org\/es\/wp-json\/wp\/v2\/comments?post=14174"}],"version-history":[{"count":2,"href":"https:\/\/www.conselharan.org\/es\/wp-json\/wp\/v2\/posts\/14174\/revisions"}],"predecessor-version":[{"id":14176,"href":"https:\/\/www.conselharan.org\/es\/wp-json\/wp\/v2\/posts\/14174\/revisions\/14176"}],"wp:featuredmedia":[{"embeddable":true,"href":"https:\/\/www.conselharan.org\/es\/wp-json\/wp\/v2\/media\/14168"}],"wp:attachment":[{"href":"https:\/\/www.conselharan.org\/es\/wp-json\/wp\/v2\/media?parent=14174"}],"wp:term":[{"taxonomy":"category","embeddable":true,"href":"https:\/\/www.conselharan.org\/es\/wp-json\/wp\/v2\/categories?post=14174"},{"taxonomy":"post_tag","embeddable":true,"href":"https:\/\/www.conselharan.org\/es\/wp-json\/wp\/v2\/tags?post=14174"}],"curies":[{"name":"wp","href":"https:\/\/api.w.org\/{rel}","templated":true}]}}