{"id":14215,"date":"2016-10-14T16:00:36","date_gmt":"2016-10-14T14:00:36","guid":{"rendered":"http:\/\/www.conselharan.org\/es\/?p=14215"},"modified":"2016-10-14T14:45:28","modified_gmt":"2016-10-14T12:45:28","slug":"el-conselh-generau-daran-construye-una-marquesina-en-la-ermita-de-la-artiga-de-lin","status":"publish","type":"post","link":"https:\/\/www.conselharan.org\/es\/el-conselh-generau-daran-construye-una-marquesina-en-la-ermita-de-la-artiga-de-lin\/","title":{"rendered":"El Conselh Generau d\u2019Aran construye una marquesina en la ermita de la Artiga de Lin"},"content":{"rendered":"<p><img loading=\"lazy\" decoding=\"async\" class=\"aligncenter size-large wp-image-14210\" src=\"http:\/\/www.conselharan.org\/wp-content\/uploads\/2016\/10\/marquesina-artiga-de-lin-981x1024.jpg\" alt=\"marquesina artiga de lin\" width=\"981\" height=\"1024\" srcset=\"https:\/\/www.conselharan.org\/wp-content\/uploads\/2016\/10\/marquesina-artiga-de-lin-981x1024.jpg 981w, https:\/\/www.conselharan.org\/wp-content\/uploads\/2016\/10\/marquesina-artiga-de-lin-287x300.jpg 287w, https:\/\/www.conselharan.org\/wp-content\/uploads\/2016\/10\/marquesina-artiga-de-lin-768x802.jpg 768w, https:\/\/www.conselharan.org\/wp-content\/uploads\/2016\/10\/marquesina-artiga-de-lin.jpg 1146w\" sizes=\"(max-width: 981px) 100vw, 981px\" \/><\/p>\n<p>&nbsp;<\/p>\n<p>El Conselh Generau d\u2019Aran a trav\u00e9s de la empresa Servicios Ambientales de la Val d\u2019Aran (SAVA, S.L.) y con la colaboraci\u00f3n de la Diputaci\u00f3n de Lleida ha empezado esta semana las obras de la marquesina de la ermita de la Virgen Mar\u00eda de la Artiga de Lin para resguardar a los participantes de la romer\u00eda de las inclemencias climatol\u00f3gicas.<\/p>\n<p>&nbsp;<\/p>\n<p>&nbsp;<\/p>\n<p>&nbsp;<\/p>\n<p>&nbsp;<\/p>\n<p>Vielha, 14 de octubre de 2016<\/p>\n<p>&nbsp;<\/p>\n<p><em>Conselh Generau d&#8217;Aran: N\u00faria Sanjuan<\/em><\/p>\n ","protected":false},"excerpt":{"rendered":"<p>&nbsp; El Conselh Generau d\u2019Aran a trav\u00e9s de la empresa Servicios Ambientales de la Val d\u2019Aran (SAVA, S.L.) y con la colaboraci\u00f3n de la Diputaci\u00f3n de Lleida ha empezado esta semana las obras de la marquesina de la ermita de la Virgen Mar\u00eda de la Artiga de Lin para resguardar a los participantes de la&#8230;<\/p>\n","protected":false},"author":2,"featured_media":14210,"comment_status":"closed","ping_status":"closed","sticky":false,"template":"","format":"standard","meta":{"footnotes":""},"categories":[34],"tags":[],"_links":{"self":[{"href":"https:\/\/www.conselharan.org\/es\/wp-json\/wp\/v2\/posts\/14215"}],"collection":[{"href":"https:\/\/www.conselharan.org\/es\/wp-json\/wp\/v2\/posts"}],"about":[{"href":"https:\/\/www.conselharan.org\/es\/wp-json\/wp\/v2\/types\/post"}],"author":[{"embeddable":true,"href":"https:\/\/www.conselharan.org\/es\/wp-json\/wp\/v2\/users\/2"}],"replies":[{"embeddable":true,"href":"https:\/\/www.conselharan.org\/es\/wp-json\/wp\/v2\/comments?post=14215"}],"version-history":[{"count":1,"href":"https:\/\/www.conselharan.org\/es\/wp-json\/wp\/v2\/posts\/14215\/revisions"}],"predecessor-version":[{"id":14216,"href":"https:\/\/www.conselharan.org\/es\/wp-json\/wp\/v2\/posts\/14215\/revisions\/14216"}],"wp:featuredmedia":[{"embeddable":true,"href":"https:\/\/www.conselharan.org\/es\/wp-json\/wp\/v2\/media\/14210"}],"wp:attachment":[{"href":"https:\/\/www.conselharan.org\/es\/wp-json\/wp\/v2\/media?parent=14215"}],"wp:term":[{"taxonomy":"category","embeddable":true,"href":"https:\/\/www.conselharan.org\/es\/wp-json\/wp\/v2\/categories?post=14215"},{"taxonomy":"post_tag","embeddable":true,"href":"https:\/\/www.conselharan.org\/es\/wp-json\/wp\/v2\/tags?post=14215"}],"curies":[{"name":"wp","href":"https:\/\/api.w.org\/{rel}","templated":true}]}}