{"id":14228,"date":"2016-10-15T08:00:58","date_gmt":"2016-10-15T06:00:58","guid":{"rendered":"http:\/\/www.conselharan.org\/es\/?p=14228"},"modified":"2016-10-14T15:06:54","modified_gmt":"2016-10-14T13:06:54","slug":"el-conselh-generau-daran-recupera-el-lavadero-de-es-bordes","status":"publish","type":"post","link":"https:\/\/www.conselharan.org\/es\/el-conselh-generau-daran-recupera-el-lavadero-de-es-bordes\/","title":{"rendered":"El Conselh Generau d\u2019Aran recupera el lavadero de Es B\u00f2rdes"},"content":{"rendered":"<p><img loading=\"lazy\" decoding=\"async\" class=\"aligncenter size-large wp-image-14224\" src=\"http:\/\/www.conselharan.org\/wp-content\/uploads\/2016\/10\/lauader-Es-B\u00f2rdes-1024x576.jpg\" alt=\"lauader Es B\u00f2rdes\" width=\"1024\" height=\"576\" srcset=\"https:\/\/www.conselharan.org\/wp-content\/uploads\/2016\/10\/lauader-Es-B\u00f2rdes-1024x576.jpg 1024w, https:\/\/www.conselharan.org\/wp-content\/uploads\/2016\/10\/lauader-Es-B\u00f2rdes-300x169.jpg 300w, https:\/\/www.conselharan.org\/wp-content\/uploads\/2016\/10\/lauader-Es-B\u00f2rdes-768x432.jpg 768w\" sizes=\"(max-width: 1024px) 100vw, 1024px\" \/><\/p>\n<p>&nbsp;<\/p>\n<p>El Departamento de Cultura del Conselh Generau d\u2019Aran a trav\u00e9s de la empresa Servicios Ambientales de la Val d\u2019Aran (SAVA, S.L.) y con la colaboraci\u00f3n de la Diputaci\u00f3n de Lleida ha recuperado el lavadero situado en el Camino Real entre Es B\u00f2rdes y Pont de Arr\u00f3 con el objetivo de hacer atractivo y visitable un equipamiento caracter\u00edstico y significativo del patrimonio tradicional de los pueblos de la Val d\u2019Aran.<\/p>\n<p>Seg\u00fan ha informado la t\u00e9cnica de Patrimonio de Aran, <strong>Elisa Ros<\/strong>, hay m\u00e1s de 32 lavaderos, al menos uno por pueblo, teniendo en cuenta que alguno ya ha desaparecido. La mayor parte de estos equipamientos son de finales del siglo XIX y principios del XX.<\/p>\n<p>En palabras del sindic de Aran, <strong>Carlos Barrera, \u201cel Gobierno de Aran quiere poner en valor el lavadero de Es B\u00f2rdes rehaci\u00e9ndolo y conservando su forma original para poder hacer tambi\u00e9n un aprovechamiento tur\u00edstico, a la vez que se conserva uno de los elementos m\u00e1s destacados del patrimonio civil y social aran\u00e9s\u201d.<\/strong><\/p>\n<p>&nbsp;<\/p>\n<p>&nbsp;<\/p>\n<p>&nbsp;<\/p>\n<p>&nbsp;<\/p>\n<p>Vielha, 15 de octubre de 2016<\/p>\n<p>&nbsp;<\/p>\n<p><em>Conselh Generau d&#8217;Aran: N\u00faria Sanjuan<\/em><\/p>\n ","protected":false},"excerpt":{"rendered":"<p>&nbsp; El Departamento de Cultura del Conselh Generau d\u2019Aran a trav\u00e9s de la empresa Servicios Ambientales de la Val d\u2019Aran (SAVA, S.L.) y con la colaboraci\u00f3n de la Diputaci\u00f3n de Lleida ha recuperado el lavadero situado en el Camino Real entre Es B\u00f2rdes y Pont de Arr\u00f3 con el objetivo de hacer atractivo y visitable&#8230;<\/p>\n","protected":false},"author":2,"featured_media":14224,"comment_status":"closed","ping_status":"closed","sticky":false,"template":"","format":"standard","meta":{"footnotes":""},"categories":[52],"tags":[],"_links":{"self":[{"href":"https:\/\/www.conselharan.org\/es\/wp-json\/wp\/v2\/posts\/14228"}],"collection":[{"href":"https:\/\/www.conselharan.org\/es\/wp-json\/wp\/v2\/posts"}],"about":[{"href":"https:\/\/www.conselharan.org\/es\/wp-json\/wp\/v2\/types\/post"}],"author":[{"embeddable":true,"href":"https:\/\/www.conselharan.org\/es\/wp-json\/wp\/v2\/users\/2"}],"replies":[{"embeddable":true,"href":"https:\/\/www.conselharan.org\/es\/wp-json\/wp\/v2\/comments?post=14228"}],"version-history":[{"count":1,"href":"https:\/\/www.conselharan.org\/es\/wp-json\/wp\/v2\/posts\/14228\/revisions"}],"predecessor-version":[{"id":14229,"href":"https:\/\/www.conselharan.org\/es\/wp-json\/wp\/v2\/posts\/14228\/revisions\/14229"}],"wp:featuredmedia":[{"embeddable":true,"href":"https:\/\/www.conselharan.org\/es\/wp-json\/wp\/v2\/media\/14224"}],"wp:attachment":[{"href":"https:\/\/www.conselharan.org\/es\/wp-json\/wp\/v2\/media?parent=14228"}],"wp:term":[{"taxonomy":"category","embeddable":true,"href":"https:\/\/www.conselharan.org\/es\/wp-json\/wp\/v2\/categories?post=14228"},{"taxonomy":"post_tag","embeddable":true,"href":"https:\/\/www.conselharan.org\/es\/wp-json\/wp\/v2\/tags?post=14228"}],"curies":[{"name":"wp","href":"https:\/\/api.w.org\/{rel}","templated":true}]}}