{"id":14582,"date":"2016-11-03T17:30:10","date_gmt":"2016-11-03T16:30:10","guid":{"rendered":"http:\/\/www.conselharan.org\/es\/?p=14582"},"modified":"2016-11-03T17:00:51","modified_gmt":"2016-11-03T16:00:51","slug":"la-val-daran-acoge-la-presentacion-de-la-red-de-ateneos-cooperativos-para-fortalecer-la-economia-social-y-cooperativa","status":"publish","type":"post","link":"https:\/\/www.conselharan.org\/es\/la-val-daran-acoge-la-presentacion-de-la-red-de-ateneos-cooperativos-para-fortalecer-la-economia-social-y-cooperativa\/","title":{"rendered":"La Val d\u2019Aran acoge la presentaci\u00f3n de la red de Ateneos Cooperativos para fortalecer la econom\u00eda social y  cooperativa"},"content":{"rendered":"<p><strong>Un total de 15 Ateneos, distribuidos por todo Catalu\u00f1a, favorecer\u00e1n la creaci\u00f3n de empresas de econom\u00eda social y cooperativa, as\u00ed como la viabilidad y sostenibilidad de los proyectos y experiencias existentes en el territorio para mejorar la ocupaci\u00f3n impulsando la creaci\u00f3n de nuevos puestos de trabajo, en especial los de calidad, y el desarrollo del territorio.<\/strong><\/p>\n<p><strong>El Departamento de Trabajo, Asuntos Sociales y Familias de la Generalitat de Catalu\u00f1a destina 3.300.000 euros al nuevo proyecto para subvencionar las iniciativas de Ateneos que presenten las entidades solicitantes.<\/strong><\/p>\n<p>&nbsp;<\/p>\n<p><img loading=\"lazy\" decoding=\"async\" class=\"aligncenter size-large wp-image-14585\" src=\"http:\/\/www.conselharan.org\/wp-content\/uploads\/2016\/11\/DSC_0514-1024x743.jpg\" alt=\"DSC_0514\" width=\"1024\" height=\"743\" srcset=\"https:\/\/www.conselharan.org\/wp-content\/uploads\/2016\/11\/DSC_0514-1024x743.jpg 1024w, https:\/\/www.conselharan.org\/wp-content\/uploads\/2016\/11\/DSC_0514-300x218.jpg 300w, https:\/\/www.conselharan.org\/wp-content\/uploads\/2016\/11\/DSC_0514-768x558.jpg 768w\" sizes=\"(max-width: 1024px) 100vw, 1024px\" \/><\/p>\n<p>&nbsp;<\/p>\n<p>El vicesindic de Aran y conselh\u00e8r de Administraci\u00f3n P\u00fablica, Finanzas y Conocimiento y Transparencia, <strong>Luis Carlos Medina<\/strong>, el director de los Servicios Territoriales de Trabajo, Asuntos Sociales y Familias en Lleida,<strong> Joan Santacana,<\/strong> y el director general de Econom\u00eda Social, el Tercer Sector, las Cooperativas y Autoempresa, <strong>Josep Vidal<\/strong>, han presentado hoy en la sede del Conselh Generau d\u2019Aran el nuevo proyecto de creaci\u00f3n de la Red de Ateneos Cooperativos, una red de entidades que el Departamento quiere que sea un servicio de referencia donde las organizaciones cooperativas y de econom\u00eda social trabajen juntas para crear e impulsar nuevos puestos de trabajo, en especial los de calidad, y promocionar la econom\u00eda social.<\/p>\n<p>Con un presupuesto de 3.300.000 euros, la iniciativa del Departamento consiste en la creaci\u00f3n de 15 Ateneos Cooperativos, distribuidos por varias demarcaciones, que dar\u00e1n servicio, atenci\u00f3n y cobertura a personas, empresas, cooperativas y sociedades laborales para fortalecer la econom\u00eda social y cooperativa en el marco del programa Aracoop.<\/p>\n<p>Esta iniciativa del Departamento da respuesta a la Resoluci\u00f3n 17\/XI del Parlamento de Catalu\u00f1a sobre la situaci\u00f3n de emergencia social, la reactivaci\u00f3n econ\u00f3mica, la gesti\u00f3n p\u00fablica y la necesidad de una respuesta institucional que insta el Gobierno a aplicar, a trav\u00e9s del programa Aracoop, medidas dedicadas a promover la creaci\u00f3n de nuevas cooperativas y sociedades laborales, especialmente por parte de j\u00f3venes y personas paradas sobre todo mayores de cincuenta a\u00f1os.<\/p>\n<p>Durante su intervenci\u00f3n,<strong> Santacana<\/strong> ha destacado que esta iniciativa <strong>\u201cse centra en favorecer la creaci\u00f3n de empresas de econom\u00eda social y cooperativa, adem\u00e1s de fortalecer la viabilidad y sostenibilidad de los proyectos y experiencias existentes para mejorar la ocupaci\u00f3n y el desarrollo del territorio\u201d<\/strong>.<\/p>\n<p>As\u00ed mismo, la Red trabajar\u00e1 para transformar asociaciones y empresas en cooperativas y sociedades laborales, y promocionar\u00e1 la f\u00f3rmula cooperativa y de las SAL para la continuidad de empresas y entidades pr\u00f3ximas al cierre.<\/p>\n<p>&nbsp;<\/p>\n<p><img loading=\"lazy\" decoding=\"async\" class=\"aligncenter size-large wp-image-14586\" src=\"http:\/\/www.conselharan.org\/wp-content\/uploads\/2016\/11\/DSC_0523-1024x516.jpg\" alt=\"DSC_0523\" width=\"1024\" height=\"516\" srcset=\"https:\/\/www.conselharan.org\/wp-content\/uploads\/2016\/11\/DSC_0523-1024x516.jpg 1024w, https:\/\/www.conselharan.org\/wp-content\/uploads\/2016\/11\/DSC_0523-300x151.jpg 300w, https:\/\/www.conselharan.org\/wp-content\/uploads\/2016\/11\/DSC_0523-768x387.jpg 768w\" sizes=\"(max-width: 1024px) 100vw, 1024px\" \/><\/p>\n<p>&nbsp;<\/p>\n<p><strong>Entidades beneficiarias y alcance territorial de los 15 Ateneos Cooperativos<\/strong><\/p>\n<p>Las entidades que opten a la subvenci\u00f3n del Departamento para crear los 15 ateneos pueden ser entes locales, empresas cooperativas o sociedades laborales, asociaciones y fundaciones que tengan experiencia en el \u00e1mbito del proyecto y demuestren su capacidad para llevarlo a cabo, y agrupaciones sin personalidad jur\u00eddica.<\/p>\n<p>Estas entidades solicitantes, constituidas legalmente y con establecimiento operativo en Catalu\u00f1a, tendr\u00e1n que presentar el proyecto de ateneo cooperativo en una de las demarcaciones territoriales: Regi\u00f3n Alto Pirineo y Aran; Barcelona ciudad; Regi\u00f3n Barcelona; Regi\u00f3n Camp de Tarragona; Regi\u00f3n Girona; Regi\u00f3n Catalu\u00f1a Central; Regi\u00f3n Lleida\/Ponent; y Regi\u00f3n Terres del Ebro.<\/p>\n<p>Los Ateneos Cooperativos dar\u00e1n prioridad a las personas j\u00f3venes, las que est\u00e9n en situaci\u00f3n de paro, sobre todo las mayores de 50 a\u00f1os, demandantes de ocupaci\u00f3n inscritas en las oficinas del Servicio P\u00fablico de Ocupaci\u00f3n de Catalu\u00f1a que quieran crear una empresa cooperativa o sociedad laboral.<\/p>\n<p>Adem\u00e1s, los Ateneos prestar\u00e1n apoyo a aquellas empresas o entidades que tengan capacidad para incentivar la creaci\u00f3n de empresas cooperativas y sociedades laborales, como por ejemplo entidades p\u00fablicas, asesor\u00edas, gestor\u00edas, escuelas de negocio, entidades formativas, empresas en transformaci\u00f3n, asociaciones y fundaciones.<\/p>\n<p>&nbsp;<\/p>\n<p><strong>Cooperativas y ocupaci\u00f3n en Catalu\u00f1a<\/strong><\/p>\n<p>En la actualidad, hay 3.946 cooperativas en Catalu\u00f1a. Hasta agosto de este a\u00f1o se han constituido 115, la misma cantidad que todo el a\u00f1o 2015. En las cooperativas de Catalu\u00f1a trabajan 45.666 personas, seg\u00fan los datos del segundo trimestre de este a\u00f1o, la cifra m\u00e1s alta desde 2007.<\/p>\n<p>&nbsp;<\/p>\n<p>&nbsp;<\/p>\n<p>&nbsp;<\/p>\n<p>&nbsp;<\/p>\n<p>Vielha, 3 de noviembre de 2016<\/p>\n<p>&nbsp;<\/p>\n<p><em>Conselh Generau d&#8217;Aran: N\u00faria Sanjuan<\/em><\/p>\n ","protected":false},"excerpt":{"rendered":"<p>Un total de 15 Ateneos, distribuidos por todo Catalu\u00f1a, favorecer\u00e1n la creaci\u00f3n de empresas de econom\u00eda social y cooperativa, as\u00ed como la viabilidad y sostenibilidad de los proyectos y experiencias existentes en el territorio para mejorar la ocupaci\u00f3n impulsando la creaci\u00f3n de nuevos puestos de trabajo, en especial los de calidad, y el desarrollo del&#8230;<\/p>\n","protected":false},"author":2,"featured_media":14585,"comment_status":"closed","ping_status":"closed","sticky":false,"template":"","format":"standard","meta":{"footnotes":""},"categories":[34],"tags":[],"_links":{"self":[{"href":"https:\/\/www.conselharan.org\/es\/wp-json\/wp\/v2\/posts\/14582"}],"collection":[{"href":"https:\/\/www.conselharan.org\/es\/wp-json\/wp\/v2\/posts"}],"about":[{"href":"https:\/\/www.conselharan.org\/es\/wp-json\/wp\/v2\/types\/post"}],"author":[{"embeddable":true,"href":"https:\/\/www.conselharan.org\/es\/wp-json\/wp\/v2\/users\/2"}],"replies":[{"embeddable":true,"href":"https:\/\/www.conselharan.org\/es\/wp-json\/wp\/v2\/comments?post=14582"}],"version-history":[{"count":3,"href":"https:\/\/www.conselharan.org\/es\/wp-json\/wp\/v2\/posts\/14582\/revisions"}],"predecessor-version":[{"id":14591,"href":"https:\/\/www.conselharan.org\/es\/wp-json\/wp\/v2\/posts\/14582\/revisions\/14591"}],"wp:featuredmedia":[{"embeddable":true,"href":"https:\/\/www.conselharan.org\/es\/wp-json\/wp\/v2\/media\/14585"}],"wp:attachment":[{"href":"https:\/\/www.conselharan.org\/es\/wp-json\/wp\/v2\/media?parent=14582"}],"wp:term":[{"taxonomy":"category","embeddable":true,"href":"https:\/\/www.conselharan.org\/es\/wp-json\/wp\/v2\/categories?post=14582"},{"taxonomy":"post_tag","embeddable":true,"href":"https:\/\/www.conselharan.org\/es\/wp-json\/wp\/v2\/tags?post=14582"}],"curies":[{"name":"wp","href":"https:\/\/api.w.org\/{rel}","templated":true}]}}