{"id":14592,"date":"2016-11-03T11:00:58","date_gmt":"2016-11-03T10:00:58","guid":{"rendered":"http:\/\/www.conselharan.org\/es\/boni-resutats-deth-cegva-ena-copa-cegva-1a-prova-dera-liga-catalana-de-patinatge-artistic-sus-geu-2016-17\/"},"modified":"2016-11-03T17:39:53","modified_gmt":"2016-11-03T16:39:53","slug":"boni-resutats-deth-cegva-ena-copa-cegva-1a-prova-dera-liga-catalana-de-patinatge-artistic-sus-geu-2016-17","status":"publish","type":"post","link":"https:\/\/www.conselharan.org\/es\/boni-resutats-deth-cegva-ena-copa-cegva-1a-prova-dera-liga-catalana-de-patinatge-artistic-sus-geu-2016-17\/","title":{"rendered":"Boni resutats deth CEGVA ena Copa CEGVA, 1a pr\u00f2va dera Liga Catalana de Patinatge Artistic sus g\u00e8u 2016-17"},"content":{"rendered":"<p><img loading=\"lazy\" decoding=\"async\" class=\"aligncenter size-large wp-image-14563\" src=\"http:\/\/www.conselharan.org\/wp-content\/uploads\/2016\/11\/COPA-CEGVA-2016-EDUARDO-PUENTE-1024x768.jpeg\" alt=\"COPA CEGVA 2016 EDUARDO PUENTE\" width=\"1024\" height=\"768\" srcset=\"https:\/\/www.conselharan.org\/wp-content\/uploads\/2016\/11\/COPA-CEGVA-2016-EDUARDO-PUENTE-1024x768.jpeg 1024w, https:\/\/www.conselharan.org\/wp-content\/uploads\/2016\/11\/COPA-CEGVA-2016-EDUARDO-PUENTE-300x225.jpeg 300w, https:\/\/www.conselharan.org\/wp-content\/uploads\/2016\/11\/COPA-CEGVA-2016-EDUARDO-PUENTE-768x576.jpeg 768w, https:\/\/www.conselharan.org\/wp-content\/uploads\/2016\/11\/COPA-CEGVA-2016-EDUARDO-PUENTE.jpeg 1600w\" sizes=\"(max-width: 1024px) 100vw, 1024px\" \/><\/p>\n<p>&nbsp;<\/p>\n<p>Era passada dimenjada, 29 e 30 d&#8217;octobre, se port\u00e8c a t\u00e8rme era <strong>Copa CEGVA<\/strong> en Palai de G\u00e8u de Vielha, organizada peth Club d\u2019Esp\u00f2rts de G\u00e8u Val d\u2019Aran (<strong>CEGVA<\/strong>) e era Federacion Catalana d\u2019Esp\u00f2rts d\u2019Iu\u00e8rn (<strong>FCEH<\/strong>). Damb era s&#8217;inagur\u00e8c eth calendari oficiau de competicions dera Liga Catalana.<\/p>\n<p>A pr\u00f2p de 80 participants vengudi des diu\u00e8rsi par\u00e7ans de Catalonha e And\u00f2rra sigueren es que i form\u00e8ren part.<\/p>\n<p>Eth dissabte se disput\u00e8ren es categories autonomiques A e B e eth dimenge es categories Nacionaus.<\/p>\n<p>Eth CEGVA aufric ua grana competicion damb plan boni resultats e a on se demostr\u00e8c eth bon trebalh de presason realizat tant pes patinadors coma pes sues entrenadores.<\/p>\n<p>&nbsp;<\/p>\n<p><img loading=\"lazy\" decoding=\"async\" class=\"aligncenter size-full wp-image-14570\" src=\"http:\/\/www.conselharan.org\/wp-content\/uploads\/2016\/11\/COPA-CEGVA-2016-QUEIRUGA.jpeg\" alt=\"COPA CEGVA 2016 QUEIRUGA\" width=\"480\" height=\"640\" srcset=\"https:\/\/www.conselharan.org\/wp-content\/uploads\/2016\/11\/COPA-CEGVA-2016-QUEIRUGA.jpeg 480w, https:\/\/www.conselharan.org\/wp-content\/uploads\/2016\/11\/COPA-CEGVA-2016-QUEIRUGA-225x300.jpeg 225w\" sizes=\"(max-width: 480px) 100vw, 480px\" \/><\/p>\n<p>&nbsp;<\/p>\n<p><img loading=\"lazy\" decoding=\"async\" class=\"aligncenter size-full wp-image-14569\" src=\"http:\/\/www.conselharan.org\/wp-content\/uploads\/2016\/11\/COPA-CEGVA-2016-PRUM\u00c8R.jpeg\" alt=\"COPA CEGVA 2016 PRUM\u00c8R\" width=\"480\" height=\"640\" srcset=\"https:\/\/www.conselharan.org\/wp-content\/uploads\/2016\/11\/COPA-CEGVA-2016-PRUM\u00c8R.jpeg 480w, https:\/\/www.conselharan.org\/wp-content\/uploads\/2016\/11\/COPA-CEGVA-2016-PRUM\u00c8R-225x300.jpeg 225w\" sizes=\"(max-width: 480px) 100vw, 480px\" \/><\/p>\n<p><img loading=\"lazy\" decoding=\"async\" class=\"aligncenter size-full wp-image-14568\" src=\"http:\/\/www.conselharan.org\/wp-content\/uploads\/2016\/11\/COPA-CEGVA-2016-ODRIOZOLA.jpeg\" alt=\"COPA CEGVA 2016 ODRIOZOLA\" width=\"640\" height=\"480\" srcset=\"https:\/\/www.conselharan.org\/wp-content\/uploads\/2016\/11\/COPA-CEGVA-2016-ODRIOZOLA.jpeg 640w, https:\/\/www.conselharan.org\/wp-content\/uploads\/2016\/11\/COPA-CEGVA-2016-ODRIOZOLA-300x225.jpeg 300w\" sizes=\"(max-width: 640px) 100vw, 640px\" \/> <img loading=\"lazy\" decoding=\"async\" class=\"aligncenter size-full wp-image-14564\" src=\"http:\/\/www.conselharan.org\/wp-content\/uploads\/2016\/11\/COPA-CEGVA-2016-GROP-BERTA-DANA...jpeg\" alt=\"COPA CEGVA 2016 GROP BERTA, DANA..\" width=\"640\" height=\"480\" srcset=\"https:\/\/www.conselharan.org\/wp-content\/uploads\/2016\/11\/COPA-CEGVA-2016-GROP-BERTA-DANA...jpeg 640w, https:\/\/www.conselharan.org\/wp-content\/uploads\/2016\/11\/COPA-CEGVA-2016-GROP-BERTA-DANA..-300x225.jpeg 300w\" sizes=\"(max-width: 640px) 100vw, 640px\" \/><\/p>\n<p>13 sigueren es podiums obtengudi pes patinadors aranesi. Ena <em>categoria Esc\u00f2la<\/em>, <strong>Leyla Queiruga<\/strong>, e<strong> Telmo Ripa<\/strong> s&#8217;emport\u00e8ren era 1a pla\u00e7a. En <em>Debutants<\/em> <strong>Dani Odriozola<\/strong> pug\u00e8c ena 2au pla\u00e7a e <strong>Sara Luque, Berta Feixas, Dana L\u00f3pez<\/strong> e <strong>Ares Figueruelo<\/strong> 4au, 5au, 6au e 7au respectivament, merit\u00f2ris l\u00f2cs pr&#8217;amor \u00e8re era sua prum\u00e8ra competicion.<\/p>\n<p>&nbsp;<\/p>\n<p><img loading=\"lazy\" decoding=\"async\" class=\"aligncenter size-full wp-image-14567\" src=\"http:\/\/www.conselharan.org\/wp-content\/uploads\/2016\/11\/COPA-CEGVA-2016-MART\u00cd.jpeg\" alt=\"COPA CEGVA 2016 MART\u00cd\" width=\"480\" height=\"640\" srcset=\"https:\/\/www.conselharan.org\/wp-content\/uploads\/2016\/11\/COPA-CEGVA-2016-MART\u00cd.jpeg 480w, https:\/\/www.conselharan.org\/wp-content\/uploads\/2016\/11\/COPA-CEGVA-2016-MART\u00cd-225x300.jpeg 225w\" sizes=\"(max-width: 480px) 100vw, 480px\" \/><\/p>\n<p>&nbsp;<\/p>\n<p>En <em>Alevin<\/em>, <strong>Mart\u00ed Alonso<\/strong> pug\u00e8c a naut de tot deth podium , <strong>J\u00falia Feixa,<\/strong> 3au e <strong>Abril Pastor<\/strong>, 7au.<\/p>\n<p>&nbsp;<\/p>\n<p><img loading=\"lazy\" decoding=\"async\" class=\"aligncenter size-full wp-image-14566\" src=\"http:\/\/www.conselharan.org\/wp-content\/uploads\/2016\/11\/COPA-CEGVA-2016-IRENE.jpeg\" alt=\"COPA CEGVA 2016 IRENE\" width=\"640\" height=\"480\" srcset=\"https:\/\/www.conselharan.org\/wp-content\/uploads\/2016\/11\/COPA-CEGVA-2016-IRENE.jpeg 640w, https:\/\/www.conselharan.org\/wp-content\/uploads\/2016\/11\/COPA-CEGVA-2016-IRENE-300x225.jpeg 300w\" sizes=\"(max-width: 640px) 100vw, 640px\" \/><\/p>\n<p><img loading=\"lazy\" decoding=\"async\" class=\"aligncenter size-full wp-image-14571\" src=\"http:\/\/www.conselharan.org\/wp-content\/uploads\/2016\/11\/COPA-CEGVA-2016-TOUS.jpeg\" alt=\"COPA CEGVA 2016 TOUS\" width=\"640\" height=\"480\" srcset=\"https:\/\/www.conselharan.org\/wp-content\/uploads\/2016\/11\/COPA-CEGVA-2016-TOUS.jpeg 640w, https:\/\/www.conselharan.org\/wp-content\/uploads\/2016\/11\/COPA-CEGVA-2016-TOUS-300x225.jpeg 300w\" sizes=\"(max-width: 640px) 100vw, 640px\" \/><\/p>\n<p>&nbsp;<\/p>\n<p>En<em> Cadet<\/em>, <strong>Anne Ripa<\/strong> 3au e en <em>Veterans<\/em> <strong>Julien Levacher<\/strong> 1\u00e8r.<\/p>\n<p>&nbsp;<\/p>\n<p><img loading=\"lazy\" decoding=\"async\" class=\"aligncenter size-full wp-image-14562\" src=\"http:\/\/www.conselharan.org\/wp-content\/uploads\/2016\/11\/COPA-CEGVA-2016-ARES.jpeg\" alt=\"COPA CEGVA 2016 ARES\" width=\"640\" height=\"480\" srcset=\"https:\/\/www.conselharan.org\/wp-content\/uploads\/2016\/11\/COPA-CEGVA-2016-ARES.jpeg 640w, https:\/\/www.conselharan.org\/wp-content\/uploads\/2016\/11\/COPA-CEGVA-2016-ARES-300x225.jpeg 300w\" sizes=\"(max-width: 640px) 100vw, 640px\" \/><\/p>\n<p>&nbsp;<\/p>\n<p>En <em>Novive Autonomic<\/em>\u00a0<strong>Ares Capdevila<\/strong> 2au<\/p>\n<p>&nbsp;<\/p>\n<p><img loading=\"lazy\" decoding=\"async\" class=\"aligncenter size-full wp-image-14575\" src=\"http:\/\/www.conselharan.org\/wp-content\/uploads\/2016\/11\/COPA-CEGVA-AINA-MASIP2016.jpeg.jpg\" alt=\"COPA CEGVA AINA MASIP2016.jpeg\" width=\"514\" height=\"746\" srcset=\"https:\/\/www.conselharan.org\/wp-content\/uploads\/2016\/11\/COPA-CEGVA-AINA-MASIP2016.jpeg.jpg 514w, https:\/\/www.conselharan.org\/wp-content\/uploads\/2016\/11\/COPA-CEGVA-AINA-MASIP2016.jpeg-207x300.jpg 207w\" sizes=\"(max-width: 514px) 100vw, 514px\" \/><\/p>\n<p>&nbsp;<\/p>\n<p>Enes categories<em> Nacionaus en Debs e Basic Novice B<\/em> <strong>Naia Espa\u00f1a<\/strong> e <strong>Aina Masip<\/strong> respectivament obtengueren era 1a pla\u00e7a<\/p>\n<p>&nbsp;<\/p>\n<p><img loading=\"lazy\" decoding=\"async\" class=\"aligncenter size-full wp-image-14573\" src=\"http:\/\/www.conselharan.org\/wp-content\/uploads\/2016\/11\/COPA-CEGVA-2016.jpeg\" alt=\"COPA CEGVA 2016\" width=\"640\" height=\"480\" srcset=\"https:\/\/www.conselharan.org\/wp-content\/uploads\/2016\/11\/COPA-CEGVA-2016.jpeg 640w, https:\/\/www.conselharan.org\/wp-content\/uploads\/2016\/11\/COPA-CEGVA-2016-300x225.jpeg 300w\" sizes=\"(max-width: 640px) 100vw, 640px\" \/><\/p>\n<p>&nbsp;<\/p>\n<p>En<em> Junior 1a<\/em> <strong>Iria Espa\u00f1a<\/strong> 1a seguida dera sua companha d&#8217;equip <strong>Georgina Serrallach<\/strong> 2au.<\/p>\n<p>&nbsp;<\/p>\n<p><img loading=\"lazy\" decoding=\"async\" class=\"aligncenter size-large wp-image-14574\" src=\"http:\/\/www.conselharan.org\/wp-content\/uploads\/2016\/11\/COPA-CEGVA-2016-ALEXANDRU-IRIA-E-SERRALLACH-792x1024.jpeg\" alt=\"COPA CEGVA 2016-ALEXANDRU-IRIA E SERRALLACH\" width=\"792\" height=\"1024\" srcset=\"https:\/\/www.conselharan.org\/wp-content\/uploads\/2016\/11\/COPA-CEGVA-2016-ALEXANDRU-IRIA-E-SERRALLACH-792x1024.jpeg 792w, https:\/\/www.conselharan.org\/wp-content\/uploads\/2016\/11\/COPA-CEGVA-2016-ALEXANDRU-IRIA-E-SERRALLACH-232x300.jpeg 232w, https:\/\/www.conselharan.org\/wp-content\/uploads\/2016\/11\/COPA-CEGVA-2016-ALEXANDRU-IRIA-E-SERRALLACH-768x993.jpeg 768w, https:\/\/www.conselharan.org\/wp-content\/uploads\/2016\/11\/COPA-CEGVA-2016-ALEXANDRU-IRIA-E-SERRALLACH.jpeg 1125w\" sizes=\"(max-width: 792px) 100vw, 792px\" \/><\/p>\n<p>&nbsp;<\/p>\n<p>En <em>Junior ISU<\/em> <strong>Alexandru Ilici<\/strong> 1\u00e8r e en <em>Junior 1a<\/em> <strong>Griselda Serrallach<\/strong> 4au<\/p>\n<p>&nbsp;<\/p>\n<p><img loading=\"lazy\" decoding=\"async\" class=\"aligncenter size-full wp-image-14565\" src=\"http:\/\/www.conselharan.org\/wp-content\/uploads\/2016\/11\/COPA-CEGVA-2016-GROP.jpeg\" alt=\"COPA CEGVA 2016 GROP\" width=\"640\" height=\"480\" srcset=\"https:\/\/www.conselharan.org\/wp-content\/uploads\/2016\/11\/COPA-CEGVA-2016-GROP.jpeg 640w, https:\/\/www.conselharan.org\/wp-content\/uploads\/2016\/11\/COPA-CEGVA-2016-GROP-300x225.jpeg 300w\" sizes=\"(max-width: 640px) 100vw, 640px\" \/><\/p>\n<p>&nbsp;<\/p>\n<p>En <em>Basic Novice A<\/em> <strong>Luc\u00eda S\u00e1nchez <\/strong>8au,<strong> Sara Monteagudo<\/strong> 10au, <strong>Claudia Capdevila<\/strong> 13au e <strong>Irene Ar\u00eds<\/strong> 16au.<\/p>\n<p>&nbsp;<\/p>\n<p>&nbsp;<\/p>\n<p>&nbsp;<\/p>\n<p>Vielha, 3 de noveme de 2016<\/p>\n<p>&nbsp;<\/p>\n<p><em>Conselh Generau d&#8217;Aran: N\u00faria Sanjuan<\/em><\/p>\n<p><em>H\u00f2nt: CEGVA<\/em><\/p>\n ","protected":false},"excerpt":{"rendered":"<p>&nbsp; Era passada dimenjada, 29 e 30 d&#8217;octobre, se port\u00e8c a t\u00e8rme era Copa CEGVA en Palai de G\u00e8u de Vielha, organizada peth Club d\u2019Esp\u00f2rts de G\u00e8u Val d\u2019Aran (CEGVA) e era Federacion Catalana d\u2019Esp\u00f2rts d\u2019Iu\u00e8rn (FCEH). Damb era s&#8217;inagur\u00e8c eth calendari oficiau de competicions dera Liga Catalana. A pr\u00f2p de 80 participants vengudi des&#8230;<\/p>\n","protected":false},"author":2,"featured_media":14563,"comment_status":"closed","ping_status":"closed","sticky":false,"template":"","format":"standard","meta":{"footnotes":""},"categories":[34],"tags":[],"_links":{"self":[{"href":"https:\/\/www.conselharan.org\/es\/wp-json\/wp\/v2\/posts\/14592"}],"collection":[{"href":"https:\/\/www.conselharan.org\/es\/wp-json\/wp\/v2\/posts"}],"about":[{"href":"https:\/\/www.conselharan.org\/es\/wp-json\/wp\/v2\/types\/post"}],"author":[{"embeddable":true,"href":"https:\/\/www.conselharan.org\/es\/wp-json\/wp\/v2\/users\/2"}],"replies":[{"embeddable":true,"href":"https:\/\/www.conselharan.org\/es\/wp-json\/wp\/v2\/comments?post=14592"}],"version-history":[{"count":1,"href":"https:\/\/www.conselharan.org\/es\/wp-json\/wp\/v2\/posts\/14592\/revisions"}],"predecessor-version":[{"id":14594,"href":"https:\/\/www.conselharan.org\/es\/wp-json\/wp\/v2\/posts\/14592\/revisions\/14594"}],"wp:featuredmedia":[{"embeddable":true,"href":"https:\/\/www.conselharan.org\/es\/wp-json\/wp\/v2\/media\/14563"}],"wp:attachment":[{"href":"https:\/\/www.conselharan.org\/es\/wp-json\/wp\/v2\/media?parent=14592"}],"wp:term":[{"taxonomy":"category","embeddable":true,"href":"https:\/\/www.conselharan.org\/es\/wp-json\/wp\/v2\/categories?post=14592"},{"taxonomy":"post_tag","embeddable":true,"href":"https:\/\/www.conselharan.org\/es\/wp-json\/wp\/v2\/tags?post=14592"}],"curies":[{"name":"wp","href":"https:\/\/api.w.org\/{rel}","templated":true}]}}