{"id":14622,"date":"2016-11-05T08:00:17","date_gmt":"2016-11-05T07:00:17","guid":{"rendered":"http:\/\/www.conselharan.org\/es\/?p=14622"},"modified":"2016-11-04T20:41:13","modified_gmt":"2016-11-04T19:41:13","slug":"inauguradas-las-jornadas-de-estudio-1616-ordinaciones-pragmatica-y-edictos-reales-juan-francisco-de-gracia","status":"publish","type":"post","link":"https:\/\/www.conselharan.org\/es\/inauguradas-las-jornadas-de-estudio-1616-ordinaciones-pragmatica-y-edictos-reales-juan-francisco-de-gracia\/","title":{"rendered":"Inauguradas las Jornadas de estudio \u00ab1616. Ordinaciones, Pragm\u00e1tica y Edictos Reales. Juan Francisco de Gracia\u00bb"},"content":{"rendered":"<p><strong>\u2022 Estas jornadas conmemoran el 400 aniversario de la redacci\u00f3n de este documento que actualiza y recopila la administraci\u00f3n aranesa<\/strong><\/p>\n<p>&nbsp;<\/p>\n<p><img loading=\"lazy\" decoding=\"async\" class=\"aligncenter size-large wp-image-14623\" src=\"http:\/\/www.conselharan.org\/wp-content\/uploads\/2016\/11\/DSC_0603-1024x685.jpg\" alt=\"DSC_0603\" width=\"1024\" height=\"685\" srcset=\"https:\/\/www.conselharan.org\/wp-content\/uploads\/2016\/11\/DSC_0603-1024x685.jpg 1024w, https:\/\/www.conselharan.org\/wp-content\/uploads\/2016\/11\/DSC_0603-300x201.jpg 300w, https:\/\/www.conselharan.org\/wp-content\/uploads\/2016\/11\/DSC_0603-768x514.jpg 768w\" sizes=\"(max-width: 1024px) 100vw, 1024px\" \/><\/p>\n<p>&nbsp;<\/p>\n<p>La sede del Conselh Generau d\u2019Aran acogi\u00f3 la inauguraci\u00f3n de las Jornadas de Estudio \u201c1616. Ordinaciones, Pragm\u00e1tica y Edictos Reales de la Val d\u2019Aran. Juan Francisco de Gracia\u201d. Estas jornadas conmemoran el 400 aniversario de la redacci\u00f3n de este documento que actualiza y recopila la administraci\u00f3n aranesa.<\/p>\n<p>&nbsp;<\/p>\n<p><img loading=\"lazy\" decoding=\"async\" class=\"aligncenter size-large wp-image-14625\" src=\"http:\/\/www.conselharan.org\/wp-content\/uploads\/2016\/11\/DSC_0597-1024x685.jpg\" alt=\"DSC_0597\" width=\"1024\" height=\"685\" srcset=\"https:\/\/www.conselharan.org\/wp-content\/uploads\/2016\/11\/DSC_0597-1024x685.jpg 1024w, https:\/\/www.conselharan.org\/wp-content\/uploads\/2016\/11\/DSC_0597-300x201.jpg 300w, https:\/\/www.conselharan.org\/wp-content\/uploads\/2016\/11\/DSC_0597-768x514.jpg 768w\" sizes=\"(max-width: 1024px) 100vw, 1024px\" \/><\/p>\n<p>&nbsp;<\/p>\n<p>Los actos empezaron ayer, 4 de noviembre, con la conferencia inaugural de <strong>Patrici Pojada<\/strong> de la Universidad de Perpi\u00f1\u00e1n. Tambi\u00e9n, la <strong>Fundaci\u00f3n Museo Etnol\u00f3gico de la Val d\u2019Aran<\/strong>\u00a0present\u00f3 la reproducci\u00f3n y reedici\u00f3n de la publicaci\u00f3n original, datada en el 1618, de las Ordinaciones.<\/p>\n<p><img loading=\"lazy\" decoding=\"async\" class=\"aligncenter size-large wp-image-14626\" src=\"http:\/\/www.conselharan.org\/wp-content\/uploads\/2016\/11\/DSC_0593-1024x685.jpg\" alt=\"DSC_0593\" width=\"1024\" height=\"685\" srcset=\"https:\/\/www.conselharan.org\/wp-content\/uploads\/2016\/11\/DSC_0593-1024x685.jpg 1024w, https:\/\/www.conselharan.org\/wp-content\/uploads\/2016\/11\/DSC_0593-300x201.jpg 300w, https:\/\/www.conselharan.org\/wp-content\/uploads\/2016\/11\/DSC_0593-768x514.jpg 768w\" sizes=\"(max-width: 1024px) 100vw, 1024px\" \/><\/p>\n<p>&nbsp;<\/p>\n<p>Los d\u00edas 5 y 6 de noviembre los actos continuar\u00e1n en el Albergue Era Garona de Salard\u00fa y en las iglesias de Escunhau, Gar\u00f2s y Unha donde se visitar\u00e1n y se comentar\u00e1n sus relojes.<\/p>\n<p>&nbsp;<\/p>\n<p><img loading=\"lazy\" decoding=\"async\" class=\"aligncenter size-large wp-image-14624\" src=\"http:\/\/www.conselharan.org\/wp-content\/uploads\/2016\/11\/DSC_0601-1024x685.jpg\" alt=\"DSC_0601\" width=\"1024\" height=\"685\" srcset=\"https:\/\/www.conselharan.org\/wp-content\/uploads\/2016\/11\/DSC_0601-1024x685.jpg 1024w, https:\/\/www.conselharan.org\/wp-content\/uploads\/2016\/11\/DSC_0601-300x201.jpg 300w, https:\/\/www.conselharan.org\/wp-content\/uploads\/2016\/11\/DSC_0601-768x514.jpg 768w\" sizes=\"(max-width: 1024px) 100vw, 1024px\" \/><\/p>\n<p>&nbsp;<\/p>\n<p>&nbsp;<\/p>\n<p>&nbsp;<\/p>\n<p>Vielha, 5 de noviembre de 2016<\/p>\n<p>&nbsp;<\/p>\n<p><em>Conselh Generau d&#8217;Aran: N\u00faria Sanjuan<\/em><\/p>\n ","protected":false},"excerpt":{"rendered":"<p>\u2022 Estas jornadas conmemoran el 400 aniversario de la redacci\u00f3n de este documento que actualiza y recopila la administraci\u00f3n aranesa &nbsp; &nbsp; La sede del Conselh Generau d\u2019Aran acogi\u00f3 la inauguraci\u00f3n de las Jornadas de Estudio \u201c1616. Ordinaciones, Pragm\u00e1tica y Edictos Reales de la Val d\u2019Aran. Juan Francisco de Gracia\u201d. Estas jornadas conmemoran el 400&#8230;<\/p>\n","protected":false},"author":2,"featured_media":14623,"comment_status":"closed","ping_status":"closed","sticky":false,"template":"","format":"standard","meta":{"footnotes":""},"categories":[34],"tags":[],"_links":{"self":[{"href":"https:\/\/www.conselharan.org\/es\/wp-json\/wp\/v2\/posts\/14622"}],"collection":[{"href":"https:\/\/www.conselharan.org\/es\/wp-json\/wp\/v2\/posts"}],"about":[{"href":"https:\/\/www.conselharan.org\/es\/wp-json\/wp\/v2\/types\/post"}],"author":[{"embeddable":true,"href":"https:\/\/www.conselharan.org\/es\/wp-json\/wp\/v2\/users\/2"}],"replies":[{"embeddable":true,"href":"https:\/\/www.conselharan.org\/es\/wp-json\/wp\/v2\/comments?post=14622"}],"version-history":[{"count":2,"href":"https:\/\/www.conselharan.org\/es\/wp-json\/wp\/v2\/posts\/14622\/revisions"}],"predecessor-version":[{"id":14631,"href":"https:\/\/www.conselharan.org\/es\/wp-json\/wp\/v2\/posts\/14622\/revisions\/14631"}],"wp:featuredmedia":[{"embeddable":true,"href":"https:\/\/www.conselharan.org\/es\/wp-json\/wp\/v2\/media\/14623"}],"wp:attachment":[{"href":"https:\/\/www.conselharan.org\/es\/wp-json\/wp\/v2\/media?parent=14622"}],"wp:term":[{"taxonomy":"category","embeddable":true,"href":"https:\/\/www.conselharan.org\/es\/wp-json\/wp\/v2\/categories?post=14622"},{"taxonomy":"post_tag","embeddable":true,"href":"https:\/\/www.conselharan.org\/es\/wp-json\/wp\/v2\/tags?post=14622"}],"curies":[{"name":"wp","href":"https:\/\/api.w.org\/{rel}","templated":true}]}}