{"id":14656,"date":"2016-11-10T10:21:40","date_gmt":"2016-11-10T09:21:40","guid":{"rendered":"http:\/\/www.conselharan.org\/es\/?p=14656"},"modified":"2016-11-10T10:21:49","modified_gmt":"2016-11-10T09:21:49","slug":"simulacro-en-el-interior-del-tunel-de-vielha","status":"publish","type":"post","link":"https:\/\/www.conselharan.org\/es\/simulacro-en-el-interior-del-tunel-de-vielha\/","title":{"rendered":"SIMULACRO EN EL INTERIOR DEL T\u00daNEL DE VIELHA"},"content":{"rendered":"<p><strong>\u2022 El pr\u00f3ximo martes, 15 de noviembre, el t\u00fanel de Vielha: Juan Carlos I permanecer\u00e1 cortado a la circulaci\u00f3n a partir de las 22h30 hasta aproximadamente las 03h00 del d\u00eda 16 de noviembre debido a un simulacro de accidente en su interior.<\/strong><\/p>\n<p>&nbsp;<\/p>\n<p><img loading=\"lazy\" decoding=\"async\" class=\"aligncenter size-full wp-image-14652\" src=\"http:\/\/www.conselharan.org\/wp-content\/uploads\/2016\/11\/tunel-de-vielha.jpg\" alt=\"tunel de vielha\" width=\"640\" height=\"427\" srcset=\"https:\/\/www.conselharan.org\/wp-content\/uploads\/2016\/11\/tunel-de-vielha.jpg 640w, https:\/\/www.conselharan.org\/wp-content\/uploads\/2016\/11\/tunel-de-vielha-300x200.jpg 300w\" sizes=\"(max-width: 640px) 100vw, 640px\" \/><\/p>\n<p>&nbsp;<\/p>\n<p>En un comunicado emitido por el Ministerio de Fomento, se informa que la noche del pr\u00f3ximo martes 15 de noviembre a partir de las 22h30 se llevar\u00e1 a cabo un simulacro de accidente en el interior del t\u00fanel Juan Carlos I, una vez aprobado t\u00e9cnicamente por parte de Protecci\u00f3n Civil de la Generalitat de Catalunya su Plan de Autoprotecci\u00f3n (PAU). Esta fecha se ha consensuado entre todos los colectivos implicados tras dos reuniones preparatorias llevadas a cabo recientemente.<\/p>\n<p>Se estima que su duraci\u00f3n oscilar\u00e1 entre 3 y 4 horas aproximadamente, en las que el t\u00fanel permanecer\u00e1 cortado a la circulaci\u00f3n. En caso de emergencia durante la realizaci\u00f3n del simulacro se habilitar\u00e1 paso por el antiguo t\u00fanel y si es necesario se interrumpir\u00e1.<\/p>\n<p>El simulacro finalizar\u00e1 una vez se cuente con el visto bueno del Jefe de Emergencias (Bomberos).<\/p>\n<p>Con suficiente antelaci\u00f3n la Unidad de carreteras informar\u00e1 de la realizaci\u00f3n del simulacro a trav\u00e9s de los paneles de Mensaje distribuidos en la N-230.<\/p>\n<p>&nbsp;<\/p>\n<p>&nbsp;<\/p>\n<p>&nbsp;<\/p>\n<p>Vielha, 10 de noviembre de 2016<\/p>\n<p>&nbsp;<\/p>\n<p><em>Conselh Generau d&#8217;Aran: N\u00faria Sanjuan<\/em><\/p>\n ","protected":false},"excerpt":{"rendered":"<p>\u2022 El pr\u00f3ximo martes, 15 de noviembre, el t\u00fanel de Vielha: Juan Carlos I permanecer\u00e1 cortado a la circulaci\u00f3n a partir de las 22h30 hasta aproximadamente las 03h00 del d\u00eda 16 de noviembre debido a un simulacro de accidente en su interior. &nbsp; &nbsp; En un comunicado emitido por el Ministerio de Fomento, se informa&#8230;<\/p>\n","protected":false},"author":2,"featured_media":14652,"comment_status":"closed","ping_status":"closed","sticky":false,"template":"","format":"standard","meta":{"footnotes":""},"categories":[34],"tags":[],"_links":{"self":[{"href":"https:\/\/www.conselharan.org\/es\/wp-json\/wp\/v2\/posts\/14656"}],"collection":[{"href":"https:\/\/www.conselharan.org\/es\/wp-json\/wp\/v2\/posts"}],"about":[{"href":"https:\/\/www.conselharan.org\/es\/wp-json\/wp\/v2\/types\/post"}],"author":[{"embeddable":true,"href":"https:\/\/www.conselharan.org\/es\/wp-json\/wp\/v2\/users\/2"}],"replies":[{"embeddable":true,"href":"https:\/\/www.conselharan.org\/es\/wp-json\/wp\/v2\/comments?post=14656"}],"version-history":[{"count":1,"href":"https:\/\/www.conselharan.org\/es\/wp-json\/wp\/v2\/posts\/14656\/revisions"}],"predecessor-version":[{"id":14657,"href":"https:\/\/www.conselharan.org\/es\/wp-json\/wp\/v2\/posts\/14656\/revisions\/14657"}],"wp:featuredmedia":[{"embeddable":true,"href":"https:\/\/www.conselharan.org\/es\/wp-json\/wp\/v2\/media\/14652"}],"wp:attachment":[{"href":"https:\/\/www.conselharan.org\/es\/wp-json\/wp\/v2\/media?parent=14656"}],"wp:term":[{"taxonomy":"category","embeddable":true,"href":"https:\/\/www.conselharan.org\/es\/wp-json\/wp\/v2\/categories?post=14656"},{"taxonomy":"post_tag","embeddable":true,"href":"https:\/\/www.conselharan.org\/es\/wp-json\/wp\/v2\/tags?post=14656"}],"curies":[{"name":"wp","href":"https:\/\/api.w.org\/{rel}","templated":true}]}}