{"id":14680,"date":"2016-11-11T18:30:25","date_gmt":"2016-11-11T17:30:25","guid":{"rendered":"http:\/\/www.conselharan.org\/es\/?p=14680"},"modified":"2016-11-11T16:47:14","modified_gmt":"2016-11-11T15:47:14","slug":"la-val-daran-y-baqueira-beret-llevan-el-frio-a-barcelona-con-la-presentacion-de-la-temporada-2016-17","status":"publish","type":"post","link":"https:\/\/www.conselharan.org\/es\/la-val-daran-y-baqueira-beret-llevan-el-frio-a-barcelona-con-la-presentacion-de-la-temporada-2016-17\/","title":{"rendered":"La Val d\u2019Aran y Baqueira Beret llevan el fr\u00edo a Barcelona con la presentaci\u00f3n de la temporada 2016-17"},"content":{"rendered":"<p>\u2022<strong> La Val d\u2019Aran y la estaci\u00f3n de esqu\u00ed de Baqueira Beret han instalado un igl\u00fa en la Avenida Diagonal de Barcelona (delante del Centro la Illa) para dar a conocer las novedades de la temporada de invierno 2016-17.<\/strong><\/p>\n<p>&nbsp;<\/p>\n<p><img loading=\"lazy\" decoding=\"async\" class=\"aligncenter size-large wp-image-14670\" src=\"http:\/\/www.conselharan.org\/wp-content\/uploads\/2016\/11\/igluBCN-1024x765.jpg\" alt=\"igluBCN\" width=\"1024\" height=\"765\" srcset=\"https:\/\/www.conselharan.org\/wp-content\/uploads\/2016\/11\/igluBCN-1024x765.jpg 1024w, https:\/\/www.conselharan.org\/wp-content\/uploads\/2016\/11\/igluBCN-300x224.jpg 300w, https:\/\/www.conselharan.org\/wp-content\/uploads\/2016\/11\/igluBCN-768x574.jpg 768w, https:\/\/www.conselharan.org\/wp-content\/uploads\/2016\/11\/igluBCN.jpg 1199w\" sizes=\"(max-width: 1024px) 100vw, 1024px\" \/><\/p>\n<p>&nbsp;<\/p>\n<p>La Val d\u2019Aran contin\u00faa la campa\u00f1a de promoci\u00f3n para la temporada de invierno 2016-17 en Barcelona con la colaboraci\u00f3n de la estaci\u00f3n de esqu\u00ed aranesa, Baqueira Beret, para dar a conocer todas las propuestas de nieve. Ayer jueves, 10 de noviembre, Barcelona acogi\u00f3 la presentaci\u00f3n de la nueva temporada de invierno de la Val d\u2019Aran en la carpa-igl\u00fa instalada hasta el pr\u00f3ximo s\u00e1bado en la Avenida Diagonal de Barcelona (delante del Centro Comercial de la Illa).<\/p>\n<p>&nbsp;<\/p>\n<p><img loading=\"lazy\" decoding=\"async\" class=\"aligncenter size-full wp-image-14672\" src=\"http:\/\/www.conselharan.org\/wp-content\/uploads\/2016\/11\/igluBCN3.jpg\" alt=\"igluBCN3\" width=\"960\" height=\"717\" srcset=\"https:\/\/www.conselharan.org\/wp-content\/uploads\/2016\/11\/igluBCN3.jpg 960w, https:\/\/www.conselharan.org\/wp-content\/uploads\/2016\/11\/igluBCN3-300x224.jpg 300w, https:\/\/www.conselharan.org\/wp-content\/uploads\/2016\/11\/igluBCN3-768x574.jpg 768w\" sizes=\"(max-width: 960px) 100vw, 960px\" \/><\/p>\n<p>&nbsp;<\/p>\n<p>La presentaci\u00f3n fue a cargo del sindic d\u2019Aran, <strong>Carlos Barrera<\/strong>, de la conselh\u00e8ra de Turismo y Desarrollo Econ\u00f3mico de Aran, <strong>Anna D\u00edaz,<\/strong> del director gerente de Baqueira Beret, <strong>Francis Coll<\/strong>, y del director comercial de Baqueira Beret,<strong> Xavi Ubeira<\/strong>.<\/p>\n<p>&nbsp;<\/p>\n<p><img loading=\"lazy\" decoding=\"async\" class=\"aligncenter size-full wp-image-14671\" src=\"http:\/\/www.conselharan.org\/wp-content\/uploads\/2016\/11\/igluBCN2.jpg\" alt=\"igluBCN2\" width=\"960\" height=\"717\" srcset=\"https:\/\/www.conselharan.org\/wp-content\/uploads\/2016\/11\/igluBCN2.jpg 960w, https:\/\/www.conselharan.org\/wp-content\/uploads\/2016\/11\/igluBCN2-300x224.jpg 300w, https:\/\/www.conselharan.org\/wp-content\/uploads\/2016\/11\/igluBCN2-768x574.jpg 768w\" sizes=\"(max-width: 960px) 100vw, 960px\" \/><\/p>\n<p>&nbsp;<\/p>\n<p><strong>\u201cBaqueira Beret es el principal reclamo de nieve en la Val d\u2019Aran y por eso la campa\u00f1a es conjunta, pero La Val d\u2019Aran es mucho m\u00e1s que nieve, y esta campa\u00f1a es la mejor manera de darlo a conocer.<\/strong>\u201d ha comentado durante la presentaci\u00f3n la conselh\u00e8ra de Turismo y Desarrollo Econ\u00f3mico de Aran, <strong>Anna Diaz.<\/strong><\/p>\n<p>D\u00edaz ha a\u00f1adido \u201c<strong>queremos agradecer al Ayuntamiento de Barcelona su colaboraci\u00f3n por dejarnos instalar el igl\u00fa en un punto tan concurrido como es la Diagonal frente al centro comercial de la Illa\u201d<\/strong>.<\/p>\n<p>&nbsp;<\/p>\n<p><img loading=\"lazy\" decoding=\"async\" class=\"aligncenter size-full wp-image-14674\" src=\"http:\/\/www.conselharan.org\/wp-content\/uploads\/2016\/11\/igluBCN4.jpg\" alt=\"igluBCN4\" width=\"960\" height=\"717\" srcset=\"https:\/\/www.conselharan.org\/wp-content\/uploads\/2016\/11\/igluBCN4.jpg 960w, https:\/\/www.conselharan.org\/wp-content\/uploads\/2016\/11\/igluBCN4-300x224.jpg 300w, https:\/\/www.conselharan.org\/wp-content\/uploads\/2016\/11\/igluBCN4-768x574.jpg 768w\" sizes=\"(max-width: 960px) 100vw, 960px\" \/><\/p>\n<p>&nbsp;<\/p>\n<p>Por su parte, <strong>Xavi Ubeira<\/strong>, director Comercial de Baqueira Beret ha manifestado: <strong>\u201cBaqueira Beret encara la temporada 16-17 con mejoras en las distintas \u00e1reas para enriquecer y facilitar la experiencia de los esquiadores y snowboarders, tanto en pistas como fuera de ellas. La remodelacio\u0301n de pistas llevada a cabo el pasado verano suma 1 km m\u00e1s al mapa de pistas balizadas para un total de 151 km m\u00e1s los 5 km de itinerarios de monta\u00f1a. Adem\u00e1s, se ha a\u00f1adido al c\u00f3mputo total el trazado de Audi Ski Kronos que tanto \u00e9xito cosech\u00f3 el pasado invierno. Con esta ampliaci\u00f3n, Baqueira Beret pasa a tener 104 pistas balizadas sin olvidar el extenso dominio de freeride en un \u00e1rea esquiable de 2.166 ha. lo que representa una oferta muy atractiva para disfrutar de la alta monta\u00f1a\u201d.<\/strong><\/p>\n<p>El viernes y s\u00e1bado a partir de las 14h00 y hasta las 20h00 ser\u00e1 el momento para descubrir las nuevas pistas, zonas de ocio, restaurantes y experiencias \u00fanicas que ofrecen Baqueira Beret y la Val d\u2019Aran para la temporada que est\u00e1 a punto de empezar.<\/p>\n<p>Los 156 km de pistas que la estaci\u00f3n aranesa Baqueira Beret propone este invierno dar\u00e1n mucho que hablar al igual que su amplia oferta de apr\u00e8s ski.<\/p>\n<p>&nbsp;<\/p>\n<p><img loading=\"lazy\" decoding=\"async\" class=\"aligncenter size-full wp-image-14675\" src=\"http:\/\/www.conselharan.org\/wp-content\/uploads\/2016\/11\/Diapositiva1.jpg\" alt=\"Diapositiva1\" width=\"960\" height=\"720\" srcset=\"https:\/\/www.conselharan.org\/wp-content\/uploads\/2016\/11\/Diapositiva1.jpg 960w, https:\/\/www.conselharan.org\/wp-content\/uploads\/2016\/11\/Diapositiva1-300x225.jpg 300w, https:\/\/www.conselharan.org\/wp-content\/uploads\/2016\/11\/Diapositiva1-768x576.jpg 768w\" sizes=\"(max-width: 960px) 100vw, 960px\" \/><\/p>\n<p>&nbsp;<\/p>\n<p>Carpa-Igl\u00fa Baqueira Beret \u2013 Val d\u2019Aran<br \/>\nAvenida Diagonal (Frente al Centro Comercial la Illa)<br \/>\nBarcelona<br \/>\nHorarios:<br \/>\n&#8211; Viernes 11 y s\u00e1bado 12 de 12h00 a 20h00.<\/p>\n<p>&nbsp;<\/p>\n<p><strong>Baqueira y Val d\u2019Aran en Let\u2019s Snow BCN<\/strong><\/p>\n<p>La presentaci\u00f3n en la ciudad condal coincide con la celebraci\u00f3n del festival Let\u2019s Snow BCN, que se celebrar\u00e1 los d\u00edas 11, 12 y 13 de noviembre en el Poble Espanyol. La Val d\u2019Aran y Baqueira Beret estar\u00e1n tambi\u00e9n presentes en este certamen que recupera el encuentro anual de Barcelona con la nieve.<\/p>\n<p>En palabras de la conselh\u00e8ra de Turismo y Desarrollo Econ\u00f3mico de Aran, <strong>Anna D\u00edaz: \u201cLos visitantes podr\u00e1n conocer las diferentes propuestas de nieve de la Val d\u2019Aran, as\u00ed como la oferta de alojamientos, restauraci\u00f3n y apr\u00e8s-ski\u201d.<\/strong><\/p>\n<p>Entre el completo e interesante programa de actividades relacionadas con el esqu\u00ed y el deporte de monta\u00f1a, destaca la presentaci\u00f3n del documental sobre el freerider aran\u00e9s, <strong>Aymar Navarro,<\/strong> \u201cSouth Lines\u201d el domingo 13 de noviembre a las 12h00.<\/p>\n<p>&nbsp;<\/p>\n<p>&nbsp;<\/p>\n<p>&nbsp;<\/p>\n<p>Vielha, 11 de noviembre de 2016<\/p>\n<p>&nbsp;<\/p>\n<p><em>Conselh Generau d&#8217;Aran: N\u00faria Sanjuan<\/em><\/p>\n ","protected":false},"excerpt":{"rendered":"<p>\u2022 La Val d\u2019Aran y la estaci\u00f3n de esqu\u00ed de Baqueira Beret han instalado un igl\u00fa en la Avenida Diagonal de Barcelona (delante del Centro la Illa) para dar a conocer las novedades de la temporada de invierno 2016-17. &nbsp; &nbsp; La Val d\u2019Aran contin\u00faa la campa\u00f1a de promoci\u00f3n para la temporada de invierno 2016-17&#8230;<\/p>\n","protected":false},"author":2,"featured_media":14675,"comment_status":"closed","ping_status":"closed","sticky":false,"template":"","format":"standard","meta":{"footnotes":""},"categories":[52],"tags":[],"_links":{"self":[{"href":"https:\/\/www.conselharan.org\/es\/wp-json\/wp\/v2\/posts\/14680"}],"collection":[{"href":"https:\/\/www.conselharan.org\/es\/wp-json\/wp\/v2\/posts"}],"about":[{"href":"https:\/\/www.conselharan.org\/es\/wp-json\/wp\/v2\/types\/post"}],"author":[{"embeddable":true,"href":"https:\/\/www.conselharan.org\/es\/wp-json\/wp\/v2\/users\/2"}],"replies":[{"embeddable":true,"href":"https:\/\/www.conselharan.org\/es\/wp-json\/wp\/v2\/comments?post=14680"}],"version-history":[{"count":1,"href":"https:\/\/www.conselharan.org\/es\/wp-json\/wp\/v2\/posts\/14680\/revisions"}],"predecessor-version":[{"id":14681,"href":"https:\/\/www.conselharan.org\/es\/wp-json\/wp\/v2\/posts\/14680\/revisions\/14681"}],"wp:featuredmedia":[{"embeddable":true,"href":"https:\/\/www.conselharan.org\/es\/wp-json\/wp\/v2\/media\/14675"}],"wp:attachment":[{"href":"https:\/\/www.conselharan.org\/es\/wp-json\/wp\/v2\/media?parent=14680"}],"wp:term":[{"taxonomy":"category","embeddable":true,"href":"https:\/\/www.conselharan.org\/es\/wp-json\/wp\/v2\/categories?post=14680"},{"taxonomy":"post_tag","embeddable":true,"href":"https:\/\/www.conselharan.org\/es\/wp-json\/wp\/v2\/tags?post=14680"}],"curies":[{"name":"wp","href":"https:\/\/api.w.org\/{rel}","templated":true}]}}