{"id":14688,"date":"2016-11-17T08:00:46","date_gmt":"2016-11-17T07:00:46","guid":{"rendered":"http:\/\/www.conselharan.org\/es\/?p=14688"},"modified":"2016-11-17T09:53:22","modified_gmt":"2016-11-17T08:53:22","slug":"el-centro-de-aludes-de-aran-organiza-una-jornada-informativa-y-divulgativa","status":"publish","type":"post","link":"https:\/\/www.conselharan.org\/es\/el-centro-de-aludes-de-aran-organiza-una-jornada-informativa-y-divulgativa\/","title":{"rendered":"El Centro de Aludes de Aran organiza una Jornada informativa y divulgativa"},"content":{"rendered":"<p><strong>\u2022 La Jornada, que ser\u00e1 gratuita y va dirigida a todo tipo de p\u00fablico, tendr\u00e1 lugar el 30 de noviembre de 17h00 a 21h00 en la Audiovisual.<\/strong><\/p>\n<p>&nbsp;<\/p>\n<p><img loading=\"lazy\" decoding=\"async\" class=\"aligncenter size-full wp-image-14683\" src=\"http:\/\/www.conselharan.org\/wp-content\/uploads\/2016\/11\/Poster-Jornada.jpg\" alt=\"Poster Jornada\" width=\"960\" height=\"720\" srcset=\"https:\/\/www.conselharan.org\/wp-content\/uploads\/2016\/11\/Poster-Jornada.jpg 960w, https:\/\/www.conselharan.org\/wp-content\/uploads\/2016\/11\/Poster-Jornada-300x225.jpg 300w, https:\/\/www.conselharan.org\/wp-content\/uploads\/2016\/11\/Poster-Jornada-768x576.jpg 768w\" sizes=\"(max-width: 960px) 100vw, 960px\" \/><\/p>\n<p>&nbsp;<\/p>\n<p>El Centro de Aludes de Aran ha organizado para el pr\u00f3ximo d\u00eda 30 de noviembre una jornada informativa y divulgativa para los usuarios de la monta\u00f1a invernal. Los objetivos de esta jornada son explicar c\u00f3mo sacar el m\u00e1ximo provecho de los servicios que el centro ofrece, presentar las \u00faltimas novedades en el mundo de la nieve y los aludes y al mismo tiempo continuar tejiendo la red de observaci\u00f3n de la Val d\u2019Aran.<\/p>\n<p>La jornada ser\u00e1 gratuita y va dirigida a todo tipo de p\u00fablico: desde aquellos que se inician en la monta\u00f1a invernal o del esqu\u00ed fuera-pista, que se les explicar\u00e1 c\u00f3mo usar las herramientas que tienen a su alcance para mejorar su seguridad, hasta los profesionales de la nieve (gu\u00edas, pisteros-socorristas, etc.) a los que se les ofrecer\u00e1 un resumen de las ponencias m\u00e1s interesantes presentadas en el International Snow Science Workshop, donde los t\u00e9cnicos de nivolog\u00eda del Conselh Generau d\u2019Aran asistieron el pasado mes de octubre.<\/p>\n<p>Una de las principales fortalezas del Centro de Aludes de Aran es la implicaci\u00f3n del mundo del esqu\u00ed y el alpinismo local, forma de intercambio de datos y formaci\u00f3n. Estas jornadas tienen que servir para continuar reforzando y haciendo crecer estos v\u00ednculos.<\/p>\n<p><strong>Lugar:<\/strong> La Audiovisual de Vielha<br \/>\n<strong>Hora:<\/strong> De 17h00 a 21h00<br \/>\n<strong>Contenidos:<\/strong><br \/>\n&#8211; Servicios del Centro de Aludes de Aran<br \/>\no El bolet\u00edn de Peligro de Aludes y las Situaciones de aludes<br \/>\no Clasificaci\u00f3n del Terreno de Aludes<br \/>\no Predicci\u00f3n de aludes para carreteras<br \/>\no La red autom\u00e1tica de observaciones<br \/>\n&#8211; Novedades del International Snow Science Workshop<br \/>\n&#8211; La red OBS+<\/p>\n<p><strong>Inscripciones:<\/strong><br \/>\n&#8211; Por mail en <strong>lauegi@aran.org<\/strong><br \/>\n&#8211; En este Doodle:\u00a0<a href=\"http:\/\/doodle.com\/poll\/mu9qqias3bcn8xcv\" target=\"_blank\"><strong>http:\/\/doodle.com\/poll\/mu9qqias3bcn8xcv<\/strong><\/a><\/p>\n<p>&nbsp;<\/p>\n<p>&nbsp;<\/p>\n<p>&nbsp;<\/p>\n<p>&nbsp;<\/p>\n<p>Vielha, 17 de noviembre de 2016<\/p>\n<p>&nbsp;<\/p>\n<p><em>Conselh generau d&#8217;Aran: N\u00faria Sanjuan<\/em><\/p>\n<p><em>Fuente: Centre de Lauegi d&#8217;Aran\u00a0<\/em><\/p>\n ","protected":false},"excerpt":{"rendered":"<p>\u2022 La Jornada, que ser\u00e1 gratuita y va dirigida a todo tipo de p\u00fablico, tendr\u00e1 lugar el 30 de noviembre de 17h00 a 21h00 en la Audiovisual. &nbsp; &nbsp; El Centro de Aludes de Aran ha organizado para el pr\u00f3ximo d\u00eda 30 de noviembre una jornada informativa y divulgativa para los usuarios de la monta\u00f1a&#8230;<\/p>\n","protected":false},"author":2,"featured_media":14684,"comment_status":"closed","ping_status":"closed","sticky":false,"template":"","format":"standard","meta":{"footnotes":""},"categories":[34],"tags":[],"_links":{"self":[{"href":"https:\/\/www.conselharan.org\/es\/wp-json\/wp\/v2\/posts\/14688"}],"collection":[{"href":"https:\/\/www.conselharan.org\/es\/wp-json\/wp\/v2\/posts"}],"about":[{"href":"https:\/\/www.conselharan.org\/es\/wp-json\/wp\/v2\/types\/post"}],"author":[{"embeddable":true,"href":"https:\/\/www.conselharan.org\/es\/wp-json\/wp\/v2\/users\/2"}],"replies":[{"embeddable":true,"href":"https:\/\/www.conselharan.org\/es\/wp-json\/wp\/v2\/comments?post=14688"}],"version-history":[{"count":2,"href":"https:\/\/www.conselharan.org\/es\/wp-json\/wp\/v2\/posts\/14688\/revisions"}],"predecessor-version":[{"id":14811,"href":"https:\/\/www.conselharan.org\/es\/wp-json\/wp\/v2\/posts\/14688\/revisions\/14811"}],"wp:featuredmedia":[{"embeddable":true,"href":"https:\/\/www.conselharan.org\/es\/wp-json\/wp\/v2\/media\/14684"}],"wp:attachment":[{"href":"https:\/\/www.conselharan.org\/es\/wp-json\/wp\/v2\/media?parent=14688"}],"wp:term":[{"taxonomy":"category","embeddable":true,"href":"https:\/\/www.conselharan.org\/es\/wp-json\/wp\/v2\/categories?post=14688"},{"taxonomy":"post_tag","embeddable":true,"href":"https:\/\/www.conselharan.org\/es\/wp-json\/wp\/v2\/tags?post=14688"}],"curies":[{"name":"wp","href":"https:\/\/api.w.org\/{rel}","templated":true}]}}