{"id":14707,"date":"2016-11-12T08:00:07","date_gmt":"2016-11-12T07:00:07","guid":{"rendered":"http:\/\/www.conselharan.org\/es\/?p=14707"},"modified":"2016-11-11T19:16:38","modified_gmt":"2016-11-11T18:16:38","slug":"la-cocina-de-la-val-daran-presente-en-las-jornadas-gastropirineus-del-13-al-15-de-noviembre-en-la-seu-durgell","status":"publish","type":"post","link":"https:\/\/www.conselharan.org\/es\/la-cocina-de-la-val-daran-presente-en-las-jornadas-gastropirineus-del-13-al-15-de-noviembre-en-la-seu-durgell\/","title":{"rendered":"La cocina de la Val d\u2019Aran presente en las jornadas Gastropirineus del 13 al 15 de noviembre en la Seu d\u2019Urgell"},"content":{"rendered":"<p><img loading=\"lazy\" decoding=\"async\" class=\"aligncenter size-full wp-image-14703\" src=\"http:\/\/www.conselharan.org\/wp-content\/uploads\/2016\/11\/gastropirineus.jpg\" alt=\"gastropirineus\" width=\"800\" height=\"800\" srcset=\"https:\/\/www.conselharan.org\/wp-content\/uploads\/2016\/11\/gastropirineus.jpg 800w, https:\/\/www.conselharan.org\/wp-content\/uploads\/2016\/11\/gastropirineus-150x150.jpg 150w, https:\/\/www.conselharan.org\/wp-content\/uploads\/2016\/11\/gastropirineus-300x300.jpg 300w, https:\/\/www.conselharan.org\/wp-content\/uploads\/2016\/11\/gastropirineus-768x768.jpg 768w, https:\/\/www.conselharan.org\/wp-content\/uploads\/2016\/11\/gastropirineus-270x270.jpg 270w, https:\/\/www.conselharan.org\/wp-content\/uploads\/2016\/11\/gastropirineus-207x207.jpg 207w, https:\/\/www.conselharan.org\/wp-content\/uploads\/2016\/11\/gastropirineus-75x75.jpg 75w\" sizes=\"(max-width: 800px) 100vw, 800px\" \/><\/p>\n<p><strong>Gastropirineus<\/strong> es una acci\u00f3n organizada con el objetivo de dar protagonismo y poner en valor la cocina, los productos y los profesionales del sector de la restauraci\u00f3n de todas las comarcas pirenaicas de Catalunya. Desde la Val d\u2019Aran hasta La Garrotxa, la iniciativa ha sido concebida de forma transversal, para reunir el legado culinario de estos territorios.<\/p>\n<p>Mediante las jornadas se pretende estimular la innovaci\u00f3n, promocionar la cultura alimentaria, recopilar y difundir el conocimiento de productores, elaboradores y cocineros. El objetivo es mejorar la competitividad de los profesionales y las empresas del sector \u201cenogastron\u00f3mico\u201d de nuestro Pirineo.<\/p>\n<p>Paralelamente, dentro de Gastropirineus habr\u00e1 muestra y degustaci\u00f3n de productos, demostraci\u00f3n de la elaboraci\u00f3n de platos de la cocina de los Pirineos, presentaci\u00f3n de nuevos platos y productos, intercambio de ideas, debate y reflexi\u00f3n y sesiones de cocina en directo.<\/p>\n<p>&nbsp;<\/p>\n<p><em><strong>Gastronom\u00eda aranesa en GastroPirineus<\/strong><\/em><\/p>\n<p>La gastronom\u00eda aranesa tendr\u00e1 un papel destacado en las jornadas, con la demostraci\u00f3n de cocina en directo de los platos de invierno del Restaurante Casa Irene, a cargo del chef aran\u00e9s, <strong>Andreu Vidal.<\/strong><\/p>\n<p><strong>Cristina Madruga,<\/strong> del Conselh Generau d\u2019Aran, presentar\u00e1 elmartes 15 la Marca de Garant\u00eda Productes dera Val d\u2019Aran.<\/p>\n<p>Enmarcada en los actos de celebraci\u00f3n del a\u00f1o de Catalunya como Regi\u00f3n Europea de la Gastronom\u00eda 2016, Gastropirineus es punto de encuentro de los profesionales de los sectores tur\u00edstico y gastron\u00f3mico. El turismo y sus servicios asociados son fundamentales para fijar el asentamiento de la poblaci\u00f3n y garantizar y mejorar la calidad de vida de los habitantes de las zonas de monta\u00f1a.<\/p>\n<p>&nbsp;<\/p>\n<p>&nbsp;<\/p>\n<p>&nbsp;<\/p>\n<p>Vielha, 12 de noviembre de 2016<\/p>\n<p>&nbsp;<\/p>\n<p><em>Conselh Generau d&#8217;Aran: N\u00faria Sanjuan<\/em><\/p>\n<p><em>Fuente: FTVA<\/em><\/p>\n ","protected":false},"excerpt":{"rendered":"<p>Gastropirineus es una acci\u00f3n organizada con el objetivo de dar protagonismo y poner en valor la cocina, los productos y los profesionales del sector de la restauraci\u00f3n de todas las comarcas pirenaicas de Catalunya. Desde la Val d\u2019Aran hasta La Garrotxa, la iniciativa ha sido concebida de forma transversal, para reunir el legado culinario de&#8230;<\/p>\n","protected":false},"author":2,"featured_media":14703,"comment_status":"closed","ping_status":"closed","sticky":false,"template":"","format":"standard","meta":{"footnotes":""},"categories":[34],"tags":[],"_links":{"self":[{"href":"https:\/\/www.conselharan.org\/es\/wp-json\/wp\/v2\/posts\/14707"}],"collection":[{"href":"https:\/\/www.conselharan.org\/es\/wp-json\/wp\/v2\/posts"}],"about":[{"href":"https:\/\/www.conselharan.org\/es\/wp-json\/wp\/v2\/types\/post"}],"author":[{"embeddable":true,"href":"https:\/\/www.conselharan.org\/es\/wp-json\/wp\/v2\/users\/2"}],"replies":[{"embeddable":true,"href":"https:\/\/www.conselharan.org\/es\/wp-json\/wp\/v2\/comments?post=14707"}],"version-history":[{"count":1,"href":"https:\/\/www.conselharan.org\/es\/wp-json\/wp\/v2\/posts\/14707\/revisions"}],"predecessor-version":[{"id":14708,"href":"https:\/\/www.conselharan.org\/es\/wp-json\/wp\/v2\/posts\/14707\/revisions\/14708"}],"wp:featuredmedia":[{"embeddable":true,"href":"https:\/\/www.conselharan.org\/es\/wp-json\/wp\/v2\/media\/14703"}],"wp:attachment":[{"href":"https:\/\/www.conselharan.org\/es\/wp-json\/wp\/v2\/media?parent=14707"}],"wp:term":[{"taxonomy":"category","embeddable":true,"href":"https:\/\/www.conselharan.org\/es\/wp-json\/wp\/v2\/categories?post=14707"},{"taxonomy":"post_tag","embeddable":true,"href":"https:\/\/www.conselharan.org\/es\/wp-json\/wp\/v2\/tags?post=14707"}],"curies":[{"name":"wp","href":"https:\/\/api.w.org\/{rel}","templated":true}]}}