{"id":14724,"date":"2016-11-13T19:37:42","date_gmt":"2016-11-13T18:37:42","guid":{"rendered":"http:\/\/www.conselharan.org\/es\/eth-sindic-daran-carlos-barrera-lamente-era-perta-dera-sindica-daran-maria-pilar-busquets\/"},"modified":"2016-11-14T12:13:57","modified_gmt":"2016-11-14T11:13:57","slug":"eth-sindic-daran-carlos-barrera-lamente-era-perta-dera-sindica-daran-maria-pilar-busquets","status":"publish","type":"post","link":"https:\/\/www.conselharan.org\/es\/eth-sindic-daran-carlos-barrera-lamente-era-perta-dera-sindica-daran-maria-pilar-busquets\/","title":{"rendered":"Eth sindic d&#8217;Aran, Carlos Barrera, lam\u00e8nte era p\u00e8rta dera sindica d&#8217;Aran, Maria Pilar Busquets"},"content":{"rendered":"<p><img loading=\"lazy\" decoding=\"async\" class=\"aligncenter size-large wp-image-14711\" src=\"http:\/\/www.conselharan.org\/wp-content\/uploads\/2016\/11\/hesta-6-1024x704.jpg\" alt=\"hesta-6\" width=\"1024\" height=\"704\" srcset=\"https:\/\/www.conselharan.org\/wp-content\/uploads\/2016\/11\/hesta-6-1024x704.jpg 1024w, https:\/\/www.conselharan.org\/wp-content\/uploads\/2016\/11\/hesta-6-300x206.jpg 300w, https:\/\/www.conselharan.org\/wp-content\/uploads\/2016\/11\/hesta-6-768x528.jpg 768w\" sizes=\"(max-width: 1024px) 100vw, 1024px\" \/><\/p>\n<p>&nbsp;<\/p>\n<p>\u00ab<strong>Des deth Conselh Generau d&#8217;Aran, coma Sindic d&#8217;Aran e aran\u00e9s, lamentam prigondament era p\u00e8rta dera sindica d&#8217;Aran, Pilar Busquets, e volem acompanhar ara familha Boya &#8211; Busquets, en aguesti dificils moments. Descansa en patz Pilarin\u00bb<\/strong> a manifestat <strong>Carlos Barrera<\/strong>, sindic d&#8217;Aran en con\u00e9isher era trista not\u00edcia.<\/p>\n<p>Toti aqueri que volguen acompanhar ara familha en aguesti dificils moments e acomiardar-se dera Mgfca. Sra. Maria Pilar Busquets, eth <strong>deluns, 14 de noveme, ath torn des 17:00 ores ac poder\u00e0n h\u00e8r en tanat\u00f2ri dera Val d&#8217;Aran (Aiguaprima, num.3. Vielha e Mijaran).<\/strong><\/p>\n<p>E eth <strong>dimars, 15 de noveme, ent\u00e0s 12:00 ores ena gl\u00e8isa Sant Joan Baptista de Les aur\u00e0 l\u00f2c era cerim\u00f2nia de comiat a Maria Pilar Busquets, sindica d&#8217;Aran.<\/strong><\/p>\n<p>&nbsp;<\/p>\n<p>&nbsp;<\/p>\n<p>&nbsp;<\/p>\n<p>Vielha, 13 de noveme de 2016<\/p>\n<p>&nbsp;<\/p>\n<p><em>Conselh Generau d&#8217;Aran: N\u00faria Sanjuan\u00a0<\/em><\/p>\n<p>&nbsp;<\/p>\n ","protected":false},"excerpt":{"rendered":"<p>&nbsp; \u00abDes deth Conselh Generau d&#8217;Aran, coma Sindic d&#8217;Aran e aran\u00e9s, lamentam prigondament era p\u00e8rta dera sindica d&#8217;Aran, Pilar Busquets, e volem acompanhar ara familha Boya &#8211; Busquets, en aguesti dificils moments. Descansa en patz Pilarin\u00bb a manifestat Carlos Barrera, sindic d&#8217;Aran en con\u00e9isher era trista not\u00edcia. Toti aqueri que volguen acompanhar ara familha en&#8230;<\/p>\n","protected":false},"author":2,"featured_media":14711,"comment_status":"closed","ping_status":"closed","sticky":false,"template":"","format":"standard","meta":{"footnotes":""},"categories":[52],"tags":[],"_links":{"self":[{"href":"https:\/\/www.conselharan.org\/es\/wp-json\/wp\/v2\/posts\/14724"}],"collection":[{"href":"https:\/\/www.conselharan.org\/es\/wp-json\/wp\/v2\/posts"}],"about":[{"href":"https:\/\/www.conselharan.org\/es\/wp-json\/wp\/v2\/types\/post"}],"author":[{"embeddable":true,"href":"https:\/\/www.conselharan.org\/es\/wp-json\/wp\/v2\/users\/2"}],"replies":[{"embeddable":true,"href":"https:\/\/www.conselharan.org\/es\/wp-json\/wp\/v2\/comments?post=14724"}],"version-history":[{"count":5,"href":"https:\/\/www.conselharan.org\/es\/wp-json\/wp\/v2\/posts\/14724\/revisions"}],"predecessor-version":[{"id":14749,"href":"https:\/\/www.conselharan.org\/es\/wp-json\/wp\/v2\/posts\/14724\/revisions\/14749"}],"wp:featuredmedia":[{"embeddable":true,"href":"https:\/\/www.conselharan.org\/es\/wp-json\/wp\/v2\/media\/14711"}],"wp:attachment":[{"href":"https:\/\/www.conselharan.org\/es\/wp-json\/wp\/v2\/media?parent=14724"}],"wp:term":[{"taxonomy":"category","embeddable":true,"href":"https:\/\/www.conselharan.org\/es\/wp-json\/wp\/v2\/categories?post=14724"},{"taxonomy":"post_tag","embeddable":true,"href":"https:\/\/www.conselharan.org\/es\/wp-json\/wp\/v2\/tags?post=14724"}],"curies":[{"name":"wp","href":"https:\/\/api.w.org\/{rel}","templated":true}]}}