{"id":14746,"date":"2016-11-14T09:57:59","date_gmt":"2016-11-14T08:57:59","guid":{"rendered":"http:\/\/www.conselharan.org\/es\/?p=14746"},"modified":"2016-11-14T12:18:50","modified_gmt":"2016-11-14T11:18:50","slug":"estado-de-las-carreteras-de-la-val-daran","status":"publish","type":"post","link":"https:\/\/www.conselharan.org\/es\/estado-de-las-carreteras-de-la-val-daran\/","title":{"rendered":"ESTADO DE LAS CARRETERAS DE LA VAL D&#8217;ARAN"},"content":{"rendered":"<p><img loading=\"lazy\" decoding=\"async\" class=\"aligncenter size-full wp-image-14742\" src=\"http:\/\/www.conselharan.org\/wp-content\/uploads\/2016\/11\/traffic-sign-6658_960_720.png\" alt=\"traffic-sign-6658_960_720\" width=\"720\" height=\"720\" srcset=\"https:\/\/www.conselharan.org\/wp-content\/uploads\/2016\/11\/traffic-sign-6658_960_720.png 720w, https:\/\/www.conselharan.org\/wp-content\/uploads\/2016\/11\/traffic-sign-6658_960_720-150x150.png 150w, https:\/\/www.conselharan.org\/wp-content\/uploads\/2016\/11\/traffic-sign-6658_960_720-300x300.png 300w, https:\/\/www.conselharan.org\/wp-content\/uploads\/2016\/11\/traffic-sign-6658_960_720-270x270.png 270w, https:\/\/www.conselharan.org\/wp-content\/uploads\/2016\/11\/traffic-sign-6658_960_720-207x207.png 207w, https:\/\/www.conselharan.org\/wp-content\/uploads\/2016\/11\/traffic-sign-6658_960_720-75x75.png 75w\" sizes=\"(max-width: 720px) 100vw, 720px\" \/><\/p>\n<p>&nbsp;<\/p>\n<p>El Centro de Conservaci\u00f3n de Esterri de \u00c0neu, <strong>Sorigu\u00e9<\/strong>, en un comunicado emitido a las 11h17 informa:<\/p>\n<p>&nbsp;<\/p>\n<ul>\n<li><strong>No es necesario el uso de cadenas en la carretera: C-28.<\/strong><\/li>\n<\/ul>\n<p>&nbsp;<\/p>\n<p>&nbsp;<\/p>\n<p>&nbsp;<\/p>\n<p>Vielha, 14 de noviembre de 2016<\/p>\n<p>&nbsp;<\/p>\n<p><em>Conselh Generau d&#8217;Aran: N\u00faria Sanjuan<\/em><\/p>\n ","protected":false},"excerpt":{"rendered":"<p>&nbsp; El Centro de Conservaci\u00f3n de Esterri de \u00c0neu, Sorigu\u00e9, en un comunicado emitido a las 11h17 informa: &nbsp; No es necesario el uso de cadenas en la carretera: C-28. &nbsp; &nbsp; &nbsp; Vielha, 14 de noviembre de 2016 &nbsp; Conselh Generau d&#8217;Aran: N\u00faria Sanjuan<\/p>\n","protected":false},"author":2,"featured_media":14742,"comment_status":"closed","ping_status":"closed","sticky":false,"template":"","format":"standard","meta":{"footnotes":""},"categories":[34],"tags":[],"_links":{"self":[{"href":"https:\/\/www.conselharan.org\/es\/wp-json\/wp\/v2\/posts\/14746"}],"collection":[{"href":"https:\/\/www.conselharan.org\/es\/wp-json\/wp\/v2\/posts"}],"about":[{"href":"https:\/\/www.conselharan.org\/es\/wp-json\/wp\/v2\/types\/post"}],"author":[{"embeddable":true,"href":"https:\/\/www.conselharan.org\/es\/wp-json\/wp\/v2\/users\/2"}],"replies":[{"embeddable":true,"href":"https:\/\/www.conselharan.org\/es\/wp-json\/wp\/v2\/comments?post=14746"}],"version-history":[{"count":2,"href":"https:\/\/www.conselharan.org\/es\/wp-json\/wp\/v2\/posts\/14746\/revisions"}],"predecessor-version":[{"id":14754,"href":"https:\/\/www.conselharan.org\/es\/wp-json\/wp\/v2\/posts\/14746\/revisions\/14754"}],"wp:featuredmedia":[{"embeddable":true,"href":"https:\/\/www.conselharan.org\/es\/wp-json\/wp\/v2\/media\/14742"}],"wp:attachment":[{"href":"https:\/\/www.conselharan.org\/es\/wp-json\/wp\/v2\/media?parent=14746"}],"wp:term":[{"taxonomy":"category","embeddable":true,"href":"https:\/\/www.conselharan.org\/es\/wp-json\/wp\/v2\/categories?post=14746"},{"taxonomy":"post_tag","embeddable":true,"href":"https:\/\/www.conselharan.org\/es\/wp-json\/wp\/v2\/tags?post=14746"}],"curies":[{"name":"wp","href":"https:\/\/api.w.org\/{rel}","templated":true}]}}