{"id":14764,"date":"2016-11-14T13:43:13","date_gmt":"2016-11-14T12:43:13","guid":{"rendered":"http:\/\/www.conselharan.org\/es\/?p=14764"},"modified":"2016-11-14T13:43:13","modified_gmt":"2016-11-14T12:43:13","slug":"el-conselh-generau-daran-decreta-tres-dias-de-luto-por-la-perdida-de-la-sindica-de-aran-maria-pilar-busquets","status":"publish","type":"post","link":"https:\/\/www.conselharan.org\/es\/el-conselh-generau-daran-decreta-tres-dias-de-luto-por-la-perdida-de-la-sindica-de-aran-maria-pilar-busquets\/","title":{"rendered":"El Conselh Generau d\u2019Aran decreta tres d\u00edas de luto por la p\u00e9rdida de la sindica de Aran, Maria Pilar Busquets"},"content":{"rendered":"<p><img loading=\"lazy\" decoding=\"async\" class=\"aligncenter size-large wp-image-14759\" src=\"http:\/\/www.conselharan.org\/wp-content\/uploads\/2016\/11\/mieja-asta-1-1024x655.jpg\" alt=\"mieja asta\" width=\"1024\" height=\"655\" srcset=\"https:\/\/www.conselharan.org\/wp-content\/uploads\/2016\/11\/mieja-asta-1-1024x655.jpg 1024w, https:\/\/www.conselharan.org\/wp-content\/uploads\/2016\/11\/mieja-asta-1-300x192.jpg 300w, https:\/\/www.conselharan.org\/wp-content\/uploads\/2016\/11\/mieja-asta-1-768x492.jpg 768w\" sizes=\"(max-width: 1024px) 100vw, 1024px\" \/><\/p>\n<p>&nbsp;<\/p>\n<p>El Conselh Generau d\u2019Aran en manifestaci\u00f3n del p\u00e9same por la p\u00e9rdida ayer, 13 de noviembre, de la <strong>Mgfca. Sra. Maria Pilar Busquets<\/strong>, sindica de Aran, ha decretado <strong>3 d\u00edas de luto con la puesta a media asta de las banderas institucionales presentes en los edificios y dependencias oficiales del Conselh Generau d\u2019Aran.<\/strong><\/p>\n<p>Despu\u00e9s de la recuperaci\u00f3n de la hist\u00f3rica instituci\u00f3n de Autogobierno de la Val d\u2019Aran, el Conselh Generau d\u2019Aran, con la aprobaci\u00f3n de la Ley 16\/1990, de 13 de junio, gan\u00f3 las primeras elecciones con la Coalici\u00f3n Aranesa-Converg\u00e8ncia i Uni\u00f3 (CA-CiU), integrada por Convergencia Democr\u00e1tica Aranesa -que pertenec\u00eda Pilar Busquets- y Uni\u00f3n Democr\u00e1tica Aranesa. Fue miembro de la comisi\u00f3n oficial para la normalizaci\u00f3n ling\u00fc\u00edstica del aran\u00e9s.<\/p>\n<p>Despu\u00e9s de las primeras elecciones del 26 de mayo de 1991, fue nombrada Sindica de Aran (17 de junio de 1991-12 de julio de 1993). Dos a\u00f1os m\u00e1s tarde, la coalici\u00f3n se rompi\u00f3 y su compa\u00f1era, Amparo Serrano Iglesias, de UDA, present\u00f3 una moci\u00f3n de censura que fue apoyada por Unitat d\u2019Aran y Pilar Busquets perdi\u00f3 el cargo. Tambi\u00e9n fue diputada en el Parlamento de Catalu\u00f1a por CiU en las elecciones en el Parlamento de Catalu\u00f1a de 1984 y 1988.<\/p>\n<p>&nbsp;<\/p>\n<p>&nbsp;<\/p>\n<p>&nbsp;<\/p>\n<p>&nbsp;<\/p>\n<p>Vielha, 14 de noviembre de 2016<\/p>\n<p>&nbsp;<\/p>\n<p><em>Conselh Generau d&#8217;Aran: N\u00faria Sanjuan<\/em><\/p>\n ","protected":false},"excerpt":{"rendered":"<p>&nbsp; El Conselh Generau d\u2019Aran en manifestaci\u00f3n del p\u00e9same por la p\u00e9rdida ayer, 13 de noviembre, de la Mgfca. Sra. Maria Pilar Busquets, sindica de Aran, ha decretado 3 d\u00edas de luto con la puesta a media asta de las banderas institucionales presentes en los edificios y dependencias oficiales del Conselh Generau d\u2019Aran. Despu\u00e9s de&#8230;<\/p>\n","protected":false},"author":2,"featured_media":14759,"comment_status":"closed","ping_status":"closed","sticky":false,"template":"","format":"standard","meta":{"footnotes":""},"categories":[52],"tags":[],"_links":{"self":[{"href":"https:\/\/www.conselharan.org\/es\/wp-json\/wp\/v2\/posts\/14764"}],"collection":[{"href":"https:\/\/www.conselharan.org\/es\/wp-json\/wp\/v2\/posts"}],"about":[{"href":"https:\/\/www.conselharan.org\/es\/wp-json\/wp\/v2\/types\/post"}],"author":[{"embeddable":true,"href":"https:\/\/www.conselharan.org\/es\/wp-json\/wp\/v2\/users\/2"}],"replies":[{"embeddable":true,"href":"https:\/\/www.conselharan.org\/es\/wp-json\/wp\/v2\/comments?post=14764"}],"version-history":[{"count":1,"href":"https:\/\/www.conselharan.org\/es\/wp-json\/wp\/v2\/posts\/14764\/revisions"}],"predecessor-version":[{"id":14765,"href":"https:\/\/www.conselharan.org\/es\/wp-json\/wp\/v2\/posts\/14764\/revisions\/14765"}],"wp:featuredmedia":[{"embeddable":true,"href":"https:\/\/www.conselharan.org\/es\/wp-json\/wp\/v2\/media\/14759"}],"wp:attachment":[{"href":"https:\/\/www.conselharan.org\/es\/wp-json\/wp\/v2\/media?parent=14764"}],"wp:term":[{"taxonomy":"category","embeddable":true,"href":"https:\/\/www.conselharan.org\/es\/wp-json\/wp\/v2\/categories?post=14764"},{"taxonomy":"post_tag","embeddable":true,"href":"https:\/\/www.conselharan.org\/es\/wp-json\/wp\/v2\/tags?post=14764"}],"curies":[{"name":"wp","href":"https:\/\/api.w.org\/{rel}","templated":true}]}}