{"id":14794,"date":"2016-11-16T14:11:49","date_gmt":"2016-11-16T13:11:49","guid":{"rendered":"http:\/\/www.conselharan.org\/es\/?p=14794"},"modified":"2016-11-16T14:12:26","modified_gmt":"2016-11-16T13:12:26","slug":"el-oso-goiat-en-la-val-daran","status":"publish","type":"post","link":"https:\/\/www.conselharan.org\/es\/el-oso-goiat-en-la-val-daran\/","title":{"rendered":"El oso Goiat en la Val d\u2019Aran"},"content":{"rendered":"<p><img loading=\"lazy\" decoding=\"async\" class=\"aligncenter size-large wp-image-14786\" src=\"http:\/\/www.conselharan.org\/wp-content\/uploads\/2016\/11\/goiat-1-1024x768.jpg\" alt=\"M2E1L0-0R336B386\" width=\"1024\" height=\"768\" srcset=\"https:\/\/www.conselharan.org\/wp-content\/uploads\/2016\/11\/goiat-1-1024x768.jpg 1024w, https:\/\/www.conselharan.org\/wp-content\/uploads\/2016\/11\/goiat-1-300x225.jpg 300w, https:\/\/www.conselharan.org\/wp-content\/uploads\/2016\/11\/goiat-1-768x576.jpg 768w\" sizes=\"(max-width: 1024px) 100vw, 1024px\" \/><\/p>\n<p><em>\u00a0 \u00a0 \u00a0 \u00a0 \u00a0 \u00a0 \u00a0 \u00a0 \u00a0 \u00a0 \u00a0 \u00a0 \u00a0 \u00a0 \u00a0 \u00a0 \u00a0 \u00a0 \u00a0 \u00a0 \u00a0Imagen de archivo de Goiat la pasada primavera<\/em><\/p>\n<p>&nbsp;<\/p>\n<p>Esta madrugada el oso Goiat, liberado en el Pallars la pasada primavera en el marco del proyecto PirosLife, ha vuelto a la Val d\u2019Aran. Durante la noche y primera hora de la ma\u00f1ana ha cruzado los municipios de Bausen y Les, encontr\u00e1ndose las \u00faltimas localizaciones a tocar del t\u00e9rmino de Boss\u00f2st. Durante varios meses este oso no se ha movido de los departamentos franceses de la Haute- Garonne y los Altos Pirineos. Habr\u00e1 que ver si ha vuelto para pasar el invierno o bien ha sido una visita ocasional.<\/p>\n<p>&nbsp;<\/p>\n<p><img loading=\"lazy\" decoding=\"async\" class=\"aligncenter size-full wp-image-14787\" src=\"http:\/\/www.conselharan.org\/wp-content\/uploads\/2016\/11\/ossa-cad\u00e8ths3.jpg\" alt=\"ossa-cad\u00e8ths3\" width=\"906\" height=\"645\" srcset=\"https:\/\/www.conselharan.org\/wp-content\/uploads\/2016\/11\/ossa-cad\u00e8ths3.jpg 906w, https:\/\/www.conselharan.org\/wp-content\/uploads\/2016\/11\/ossa-cad\u00e8ths3-300x214.jpg 300w, https:\/\/www.conselharan.org\/wp-content\/uploads\/2016\/11\/ossa-cad\u00e8ths3-768x547.jpg 768w\" sizes=\"(max-width: 906px) 100vw, 906px\" \/><\/p>\n<p><em>\u00a0 \u00a0 \u00a0 \u00a0 \u00a0 \u00a0 \u00a0 \u00a0 \u00a0 \u00a0 \u00a0 \u00a0 \u00a0 \u00a0 \u00a0 \u00a0 \u00a0 \u00a0 \u00a0 \u00a0 \u00a0 \u00a0 \u00a0 \u00a0 \u00a0 \u00a0 \u00a0 \u00a0 \u00a0 \u00a0Imagen de archivo de la pasada primavera. ORIOL ALAMANY<\/em><\/p>\n<p>&nbsp;<\/p>\n<p>Por otro lado, los resultados de los an\u00e1lisis gen\u00e9ticos de muestras recogidas en primavera, han permitido identificar la hembra con dos cr\u00edas que fue vista en las inmediaciones de Bagergue en primavera. Se trata de la osa Bambou (hija de Hvala y un macho esloveno). El padre de las cr\u00edas, una de las cuales es un macho, ser\u00eda o el prol\u00edfico Piros o bien Moonboots (hijo de Piros).<\/p>\n<p>&nbsp;<\/p>\n<p>&nbsp;<\/p>\n<p>&nbsp;<\/p>\n<p>&nbsp;<\/p>\n<p>Vielha, 16 de noviembre de 2016<\/p>\n<p>&nbsp;<\/p>\n<p><em>Conselh Generau d&#8217;Aran: N\u00faria Sanjuan<\/em><\/p>\n ","protected":false},"excerpt":{"rendered":"<p>\u00a0 \u00a0 \u00a0 \u00a0 \u00a0 \u00a0 \u00a0 \u00a0 \u00a0 \u00a0 \u00a0 \u00a0 \u00a0 \u00a0 \u00a0 \u00a0 \u00a0 \u00a0 \u00a0 \u00a0 \u00a0Imagen de archivo de Goiat la pasada primavera &nbsp; Esta madrugada el oso Goiat, liberado en el Pallars la pasada primavera en el marco del proyecto PirosLife, ha vuelto a la Val d\u2019Aran. Durante la&#8230;<\/p>\n","protected":false},"author":2,"featured_media":14786,"comment_status":"closed","ping_status":"closed","sticky":false,"template":"","format":"standard","meta":{"footnotes":""},"categories":[129,126,34],"tags":[],"_links":{"self":[{"href":"https:\/\/www.conselharan.org\/es\/wp-json\/wp\/v2\/posts\/14794"}],"collection":[{"href":"https:\/\/www.conselharan.org\/es\/wp-json\/wp\/v2\/posts"}],"about":[{"href":"https:\/\/www.conselharan.org\/es\/wp-json\/wp\/v2\/types\/post"}],"author":[{"embeddable":true,"href":"https:\/\/www.conselharan.org\/es\/wp-json\/wp\/v2\/users\/2"}],"replies":[{"embeddable":true,"href":"https:\/\/www.conselharan.org\/es\/wp-json\/wp\/v2\/comments?post=14794"}],"version-history":[{"count":2,"href":"https:\/\/www.conselharan.org\/es\/wp-json\/wp\/v2\/posts\/14794\/revisions"}],"predecessor-version":[{"id":14796,"href":"https:\/\/www.conselharan.org\/es\/wp-json\/wp\/v2\/posts\/14794\/revisions\/14796"}],"wp:featuredmedia":[{"embeddable":true,"href":"https:\/\/www.conselharan.org\/es\/wp-json\/wp\/v2\/media\/14786"}],"wp:attachment":[{"href":"https:\/\/www.conselharan.org\/es\/wp-json\/wp\/v2\/media?parent=14794"}],"wp:term":[{"taxonomy":"category","embeddable":true,"href":"https:\/\/www.conselharan.org\/es\/wp-json\/wp\/v2\/categories?post=14794"},{"taxonomy":"post_tag","embeddable":true,"href":"https:\/\/www.conselharan.org\/es\/wp-json\/wp\/v2\/tags?post=14794"}],"curies":[{"name":"wp","href":"https:\/\/api.w.org\/{rel}","templated":true}]}}