{"id":14831,"date":"2016-11-17T12:43:58","date_gmt":"2016-11-17T11:43:58","guid":{"rendered":"http:\/\/www.conselharan.org\/es\/?p=14831"},"modified":"2016-11-17T12:44:13","modified_gmt":"2016-11-17T11:44:13","slug":"bossost-acoge-este-fin-de-semana-el-ix-concurso-morfologico-nacional-del-caballo-de-raza-cavall-pirinenc-catala","status":"publish","type":"post","link":"https:\/\/www.conselharan.org\/es\/bossost-acoge-este-fin-de-semana-el-ix-concurso-morfologico-nacional-del-caballo-de-raza-cavall-pirinenc-catala\/","title":{"rendered":"Boss\u00f2st acoge este fin de semana  el IX Concurso Morfol\u00f3gico Nacional del caballo de raza \u201cCavall Pirinenc Catal\u00e0\u201d"},"content":{"rendered":"<p><img loading=\"lazy\" decoding=\"async\" class=\"aligncenter size-large wp-image-14826\" src=\"http:\/\/www.conselharan.org\/wp-content\/uploads\/2016\/11\/DSC_0704-1024x886.jpg\" alt=\"DSC_0704\" width=\"1024\" height=\"886\" srcset=\"https:\/\/www.conselharan.org\/wp-content\/uploads\/2016\/11\/DSC_0704-1024x886.jpg 1024w, https:\/\/www.conselharan.org\/wp-content\/uploads\/2016\/11\/DSC_0704-300x259.jpg 300w, https:\/\/www.conselharan.org\/wp-content\/uploads\/2016\/11\/DSC_0704-768x664.jpg 768w\" sizes=\"(max-width: 1024px) 100vw, 1024px\" \/><\/p>\n<p>&nbsp;<\/p>\n<p>Este s\u00e1bado y domingo, 18 y 19 de noviembre, Boss\u00f2st acoger\u00e1 el IX Concurso Morfol\u00f3gico Nacional del caballo de raza \u201cCavall Pirinenc Catal\u00e0\u201d. En este concurso participan los ganadores de los diferentes concursos del Pirineo.<\/p>\n<p>Representantes de la Asociaci\u00f3n de Criadores del caballo de raza \u201cCavall Pirinenc Catal\u00e0\u201d de la Val d\u2019Aran colaborar\u00e1n en la organizaci\u00f3n del concurso.<\/p>\n<p><img loading=\"lazy\" decoding=\"async\" class=\"aligncenter size-large wp-image-14825\" src=\"http:\/\/www.conselharan.org\/wp-content\/uploads\/2016\/11\/cpcpaneu-811x1024.jpg\" alt=\"cpcpaneu\" width=\"811\" height=\"1024\" srcset=\"https:\/\/www.conselharan.org\/wp-content\/uploads\/2016\/11\/cpcpaneu-811x1024.jpg 811w, https:\/\/www.conselharan.org\/wp-content\/uploads\/2016\/11\/cpcpaneu-237x300.jpg 237w, https:\/\/www.conselharan.org\/wp-content\/uploads\/2016\/11\/cpcpaneu-768x970.jpg 768w\" sizes=\"(max-width: 811px) 100vw, 811px\" \/><\/p>\n<p>&nbsp;<\/p>\n<p><strong>\u2022 PROGRAMA<\/strong><\/p>\n<p><em><strong>18 noviembre, viernes:<\/strong><\/em><\/p>\n<p>17.00 &#8211; 21.00 h: Llegada de los participantes y animales al recinto de la feria.<br \/>\n22.00 h: Noche de Pintxo Pote en Boss\u00f2st<\/p>\n<p><em><strong>19 de noviembre, s\u00e1bado:<\/strong><\/em><\/p>\n<p>08.00 &#8211; 9.00 h: Almuerzo de ganaderos (carne de potro de Aran)<br \/>\n09.30 h Inicio del concurso morfol\u00f3gico nacional<br \/>\n13.30 h Entrega de premios<br \/>\n14.30 h Comida del concurso<br \/>\n17.00 h Subasta de caballos CPC<br \/>\n21.30 h Cena de clausura con la asistencia de todos los participantes y autoridades<br \/>\n00:00 h Baile con la Orquesta Girasol y despedida de los participantes<\/p>\n<p>Durante todo el d\u00eda, los participantes podr\u00e1n disfrutar de las siguientes actividades:<\/p>\n<p>&#8211; Paseo en carruaje<br \/>\n&#8211; Demostraciones a cargo de la escuela de Marichal Ferrant de Mirande, Francia<br \/>\n&#8211; Exposici\u00f3n de futuros sementales de Caballo Pirenaico Catal\u00e1n<br \/>\n&#8211; Demostraci\u00f3n \/ exhibici\u00f3n de burros durante la ma\u00f1ana.<\/p>\n<p>&nbsp;<\/p>\n<p>&nbsp;<\/p>\n<p>&nbsp;<\/p>\n<p>Vielha, 17 de noviembre de 2016<\/p>\n<p>&nbsp;<\/p>\n<p><em>Conselh Generau d&#8217;Aran: N\u00faria Sanjuan<\/em><\/p>\n ","protected":false},"excerpt":{"rendered":"<p>&nbsp; Este s\u00e1bado y domingo, 18 y 19 de noviembre, Boss\u00f2st acoger\u00e1 el IX Concurso Morfol\u00f3gico Nacional del caballo de raza \u201cCavall Pirinenc Catal\u00e0\u201d. En este concurso participan los ganadores de los diferentes concursos del Pirineo. Representantes de la Asociaci\u00f3n de Criadores del caballo de raza \u201cCavall Pirinenc Catal\u00e0\u201d de la Val d\u2019Aran colaborar\u00e1n en&#8230;<\/p>\n","protected":false},"author":2,"featured_media":14826,"comment_status":"closed","ping_status":"closed","sticky":false,"template":"","format":"standard","meta":{"footnotes":""},"categories":[34],"tags":[],"_links":{"self":[{"href":"https:\/\/www.conselharan.org\/es\/wp-json\/wp\/v2\/posts\/14831"}],"collection":[{"href":"https:\/\/www.conselharan.org\/es\/wp-json\/wp\/v2\/posts"}],"about":[{"href":"https:\/\/www.conselharan.org\/es\/wp-json\/wp\/v2\/types\/post"}],"author":[{"embeddable":true,"href":"https:\/\/www.conselharan.org\/es\/wp-json\/wp\/v2\/users\/2"}],"replies":[{"embeddable":true,"href":"https:\/\/www.conselharan.org\/es\/wp-json\/wp\/v2\/comments?post=14831"}],"version-history":[{"count":1,"href":"https:\/\/www.conselharan.org\/es\/wp-json\/wp\/v2\/posts\/14831\/revisions"}],"predecessor-version":[{"id":14832,"href":"https:\/\/www.conselharan.org\/es\/wp-json\/wp\/v2\/posts\/14831\/revisions\/14832"}],"wp:featuredmedia":[{"embeddable":true,"href":"https:\/\/www.conselharan.org\/es\/wp-json\/wp\/v2\/media\/14826"}],"wp:attachment":[{"href":"https:\/\/www.conselharan.org\/es\/wp-json\/wp\/v2\/media?parent=14831"}],"wp:term":[{"taxonomy":"category","embeddable":true,"href":"https:\/\/www.conselharan.org\/es\/wp-json\/wp\/v2\/categories?post=14831"},{"taxonomy":"post_tag","embeddable":true,"href":"https:\/\/www.conselharan.org\/es\/wp-json\/wp\/v2\/tags?post=14831"}],"curies":[{"name":"wp","href":"https:\/\/api.w.org\/{rel}","templated":true}]}}