{"id":14843,"date":"2016-11-18T12:27:44","date_gmt":"2016-11-18T11:27:44","guid":{"rendered":"http:\/\/www.conselharan.org\/es\/?p=14843"},"modified":"2016-11-18T12:54:17","modified_gmt":"2016-11-18T11:54:17","slug":"los-tecnicos-del-centro-de-aludes-de-aran-participan-en-el-xiv-encuentro-de-centros-de-prediccion-de-los-pirineos","status":"publish","type":"post","link":"https:\/\/www.conselharan.org\/es\/los-tecnicos-del-centro-de-aludes-de-aran-participan-en-el-xiv-encuentro-de-centros-de-prediccion-de-los-pirineos\/","title":{"rendered":"Los t\u00e9cnicos del Centro de Aludes de Aran participan en el XIV encuentro de centros de predicci\u00f3n de los Pirineos"},"content":{"rendered":"<p><img loading=\"lazy\" decoding=\"async\" class=\"aligncenter size-large wp-image-14835\" src=\"http:\/\/www.conselharan.org\/wp-content\/uploads\/2016\/11\/amassada-predictors-1024x682.jpg\" alt=\"amassada predictors\" width=\"1024\" height=\"682\" srcset=\"https:\/\/www.conselharan.org\/wp-content\/uploads\/2016\/11\/amassada-predictors-1024x682.jpg 1024w, https:\/\/www.conselharan.org\/wp-content\/uploads\/2016\/11\/amassada-predictors-300x200.jpg 300w, https:\/\/www.conselharan.org\/wp-content\/uploads\/2016\/11\/amassada-predictors-768x512.jpg 768w, https:\/\/www.conselharan.org\/wp-content\/uploads\/2016\/11\/amassada-predictors.jpg 1280w\" sizes=\"(max-width: 1024px) 100vw, 1024px\" \/><\/p>\n<p><em>\u00a0 \u00a0 \u00a0 \u00a0 \u00a0 \u00a0 \u00a0 \u00a0 \u00a0 \u00a0 \u00a0 \u00a0 \u00a0 \u00a0 \u00a0 \u00a0 \u00a0 \u00a0 \u00a0 \u00a0 Foto:ICGC<\/em><\/p>\n<p>&nbsp;<\/p>\n<p>Los t\u00e9cnicos del Centro de Aludes del Conselh Generau d\u2019Aran participaron ayer jueves, 17 de noviembre, en el XIV encuentro de centros de predicci\u00f3n de los Pirineos que tuvo lugar en Barcelona, en la sede del Instituto Cartogr\u00e1fico y Geol\u00f3gico de Catalu\u00f1a.<\/p>\n<p>&nbsp;<\/p>\n<p><img loading=\"lazy\" decoding=\"async\" class=\"aligncenter size-large wp-image-14834\" src=\"http:\/\/www.conselharan.org\/wp-content\/uploads\/2016\/11\/amassada-predictors1-1024x682.jpg\" alt=\"amassada predictors1\" width=\"1024\" height=\"682\" srcset=\"https:\/\/www.conselharan.org\/wp-content\/uploads\/2016\/11\/amassada-predictors1-1024x682.jpg 1024w, https:\/\/www.conselharan.org\/wp-content\/uploads\/2016\/11\/amassada-predictors1-300x200.jpg 300w, https:\/\/www.conselharan.org\/wp-content\/uploads\/2016\/11\/amassada-predictors1-768x512.jpg 768w, https:\/\/www.conselharan.org\/wp-content\/uploads\/2016\/11\/amassada-predictors1.jpg 1280w\" sizes=\"(max-width: 1024px) 100vw, 1024px\" \/><\/p>\n<p><em>\u00a0 \u00a0 \u00a0 \u00a0 \u00a0 \u00a0 \u00a0 \u00a0 \u00a0 \u00a0 \u00a0 \u00a0 \u00a0 \u00a0 \u00a0 \u00a0 \u00a0 \u00a0Foto:ICGC<\/em><\/p>\n<p>&nbsp;<\/p>\n<p>En el encuentro, que se realiza bianualmente, se encuentran el conjunto servicios de predicci\u00f3n de aludes que publican previsiones en el territorio de los Pirineos. Adem\u00e1s de los t\u00e9cnicos del Centro de Aludes de Aran y del Instituto Cartogr\u00e1fico y Geol\u00f3gico de Catalu\u00f1a, tambi\u00e9n participaron t\u00e9cnicos de la Agencia Estatal de Meteorolog\u00eda (AEMET), de M\u00e9t\u00e9o France y del Servicio Meteorol\u00f3gico de Andorra. El objetivo es mantener el contacto entre las organizaciones, trabajar de forma coordinada y establecer v\u00ednculos que ayuden a mejorar la t\u00e9cnica de observaci\u00f3n y predicci\u00f3n, de acuerdo con los est\u00e1ndares recomendados desde el EAWS (European Avalanche Warning Services), el ente no gubernamental que re\u00fane todos los servicios de predicci\u00f3n de Europa.<\/p>\n<p>Hasta el momento actual, todos los servicios de predicci\u00f3n de los Pirineos se encuentran a la expectativa de nuevas nevadas que hagan necesarios el inicio de la emisi\u00f3n de los boletines de predicci\u00f3n de aludes.<\/p>\n<p>&nbsp;<\/p>\n<p>&nbsp;<\/p>\n<p>&nbsp;<\/p>\n<p>Vielha, 18 de noviembre de 2016<\/p>\n<p>&nbsp;<\/p>\n<p><em>Conselh Generau d&#8217;Aran: N\u00faria Sanjuan<\/em><\/p>\n<p><em>Fuente: Centre de Lauegi d&#8217;Aran<\/em><\/p>\n<p><em>Fotos:ICGC<\/em><\/p>\n ","protected":false},"excerpt":{"rendered":"<p>\u00a0 \u00a0 \u00a0 \u00a0 \u00a0 \u00a0 \u00a0 \u00a0 \u00a0 \u00a0 \u00a0 \u00a0 \u00a0 \u00a0 \u00a0 \u00a0 \u00a0 \u00a0 \u00a0 \u00a0 Foto:ICGC &nbsp; Los t\u00e9cnicos del Centro de Aludes del Conselh Generau d\u2019Aran participaron ayer jueves, 17 de noviembre, en el XIV encuentro de centros de predicci\u00f3n de los Pirineos que tuvo lugar en Barcelona, en&#8230;<\/p>\n","protected":false},"author":2,"featured_media":14834,"comment_status":"closed","ping_status":"closed","sticky":false,"template":"","format":"standard","meta":{"footnotes":""},"categories":[34],"tags":[],"_links":{"self":[{"href":"https:\/\/www.conselharan.org\/es\/wp-json\/wp\/v2\/posts\/14843"}],"collection":[{"href":"https:\/\/www.conselharan.org\/es\/wp-json\/wp\/v2\/posts"}],"about":[{"href":"https:\/\/www.conselharan.org\/es\/wp-json\/wp\/v2\/types\/post"}],"author":[{"embeddable":true,"href":"https:\/\/www.conselharan.org\/es\/wp-json\/wp\/v2\/users\/2"}],"replies":[{"embeddable":true,"href":"https:\/\/www.conselharan.org\/es\/wp-json\/wp\/v2\/comments?post=14843"}],"version-history":[{"count":3,"href":"https:\/\/www.conselharan.org\/es\/wp-json\/wp\/v2\/posts\/14843\/revisions"}],"predecessor-version":[{"id":14850,"href":"https:\/\/www.conselharan.org\/es\/wp-json\/wp\/v2\/posts\/14843\/revisions\/14850"}],"wp:featuredmedia":[{"embeddable":true,"href":"https:\/\/www.conselharan.org\/es\/wp-json\/wp\/v2\/media\/14834"}],"wp:attachment":[{"href":"https:\/\/www.conselharan.org\/es\/wp-json\/wp\/v2\/media?parent=14843"}],"wp:term":[{"taxonomy":"category","embeddable":true,"href":"https:\/\/www.conselharan.org\/es\/wp-json\/wp\/v2\/categories?post=14843"},{"taxonomy":"post_tag","embeddable":true,"href":"https:\/\/www.conselharan.org\/es\/wp-json\/wp\/v2\/tags?post=14843"}],"curies":[{"name":"wp","href":"https:\/\/api.w.org\/{rel}","templated":true}]}}